{"id":209434,"date":"2025-06-27T22:36:11","date_gmt":"2025-06-27T22:36:11","guid":{"rendered":"https:\/\/www.europesays.com\/fr\/209434\/"},"modified":"2025-06-27T22:36:11","modified_gmt":"2025-06-27T22:36:11","slug":"beach-volley-continental-cup-2025-maroc-bonne-latour-en-8es-de-finale","status":"publish","type":"post","link":"https:\/\/www.europesays.com\/fr\/209434\/","title":{"rendered":"Beach-Volley \u2013 Continental Cup 2025 (Maroc) : Bonne-Latour en 8es de finale"},"content":{"rendered":"<p>Tir\u00e9e dans une poule D \u00e0 trois nations, Maurice, le Nigeria et le Kenya, la paire mauricienne compos\u00e9e de Liza Bonne et Juanita Latour a int\u00e9gr\u00e9 le Top 16 des qualifications \u00e0 la CAVB Continental Cup de beach-volley qui se d\u00e9roulent sur la plage de Martil au Maroc. Apr\u00e8s avoir domin\u00e9 Wushilang-Genevive 21-16 et 21-19 au premier match mercredi, les Mauriciennes ont encha\u00een\u00e9 par une victoire d\u00e9cisive contre les Kenyanes Makokha-Sembel 21-13 et 21-16 hier. Elles terminent en t\u00eate du groupe D et se glissent en huiti\u00e8mes de finale, soit \u00e0 deux matches seulement d\u2019une participation aux CAVB Mondiaux de beach-volley pr\u00e9vus \u00e0 Ad\u00e9la\u00efde en Australie du vendredi 14 au dimanche 23 novembre 2025.<\/p>\n<p>&#8211; Publicit\u00e9 &#8211;<\/p>\n<p>Aujourd\u2019hui \u00e0 17h (heure de Maurice) elles croisent \u00e0 nouveau sur leur route la m\u00eame paire nig\u00e9riane Wushilang-Genevive qui a termin\u00e9 meilleure troisi\u00e8me de l\u2019ensemble des pr\u00e9liminaires. La Continental Cup 2925 a attir\u00e9 un nombre record de 88 paires f\u00e9minines issues de 22 pays et 114 \u00e9quipes masculines repr\u00e9sentant 27 nations africaines. Seules les quatre meilleures paires hommes et dames d\u00e9crocheront leur billet pour le rendez-vous mondial.<\/p>\n<p>&#8211; Publicit\u00e9 &#8211;<\/p>\n","protected":false},"excerpt":{"rendered":"Tir\u00e9e dans une poule D \u00e0 trois nations, Maurice, le Nigeria et le Kenya, la paire mauricienne compos\u00e9e&hellip;\n","protected":false},"author":2,"featured_media":209435,"comment_status":"","ping_status":"","sticky":false,"template":"","format":"standard","meta":{"footnotes":""},"categories":[1417],"tags":[1011,27,60,1470,1469],"class_list":{"0":"post-209434","1":"post","2":"type-post","3":"status-publish","4":"format-standard","5":"has-post-thumbnail","7":"category-volley","8":"tag-fr","9":"tag-france","10":"tag-sports","11":"tag-volley","12":"tag-volleyball"},"share_on_mastodon":{"url":"https:\/\/pubeurope.com\/@fr\/114757722692214142","error":""},"_links":{"self":[{"href":"https:\/\/www.europesays.com\/fr\/wp-json\/wp\/v2\/posts\/209434","targetHints":{"allow":["GET"]}}],"collection":[{"href":"https:\/\/www.europesays.com\/fr\/wp-json\/wp\/v2\/posts"}],"about":[{"href":"https:\/\/www.europesays.com\/fr\/wp-json\/wp\/v2\/types\/post"}],"author":[{"embeddable":true,"href":"https:\/\/www.europesays.com\/fr\/wp-json\/wp\/v2\/users\/2"}],"replies":[{"embeddable":true,"href":"https:\/\/www.europesays.com\/fr\/wp-json\/wp\/v2\/comments?post=209434"}],"version-history":[{"count":0,"href":"https:\/\/www.europesays.com\/fr\/wp-json\/wp\/v2\/posts\/209434\/revisions"}],"wp:featuredmedia":[{"embeddable":true,"href":"https:\/\/www.europesays.com\/fr\/wp-json\/wp\/v2\/media\/209435"}],"wp:attachment":[{"href":"https:\/\/www.europesays.com\/fr\/wp-json\/wp\/v2\/media?parent=209434"}],"wp:term":[{"taxonomy":"category","embeddable":true,"href":"https:\/\/www.europesays.com\/fr\/wp-json\/wp\/v2\/categories?post=209434"},{"taxonomy":"post_tag","embeddable":true,"href":"https:\/\/www.europesays.com\/fr\/wp-json\/wp\/v2\/tags?post=209434"}],"curies":[{"name":"wp","href":"https:\/\/api.w.org\/{rel}","templated":true}]}}