{"id":209436,"date":"2025-06-27T22:37:10","date_gmt":"2025-06-27T22:37:10","guid":{"rendered":"https:\/\/www.europesays.com\/fr\/209436\/"},"modified":"2025-06-27T22:37:10","modified_gmt":"2025-06-27T22:37:10","slug":"le-toulonnais-oliver-cowie-demarche-par-un-club-de-pro-d2-pierre-mignoni-fait-le-point","status":"publish","type":"post","link":"https:\/\/www.europesays.com\/fr\/209436\/","title":{"rendered":"Le Toulonnais Oliver Cowie d\u00e9march\u00e9 par un club de Pro D2 : Pierre Mignoni fait le point !"},"content":{"rendered":"<p>Le jeune trois-quarts centre du Rugby Club Toulonnais, Oliver Cowie va doucement mais s\u00fbrement montrer le bout de son nez en \u00e9quipe professionnelle.<\/p>\n<p>Cette saison d\u00e9j\u00e0, le jeune joueur de 20 ans a montr\u00e9 tout son talent lors de ces br\u00e8ves apparitions en \u00e9quipe premi\u00e8re.<\/p>\n<p>Malheureusement, ce-dernier s\u2019est bless\u00e9 en fin de saison, l\u2019emp\u00eachant de postuler pour les derniers matches de l\u2019exercice 2024 \/ 2025.<\/p>\n<p>Lors d\u2019un entretien accord\u00e9 aux Causeries de la Rade, le manager Toulonnais Pierre Mignoni a annonc\u00e9 que son joueur avait \u00e9t\u00e9 d\u00e9march\u00e9 par le club de B\u00e9ziers (Pro D2).<\/p>\n<p>L\u2019ASBH souhaitait recruter Oliver Cowie sous la forme d\u2019un pr\u00eat, jusqu\u2019\u00e0 la fin de la saison.<\/p>\n<p>De son c\u00f4t\u00e9, Pierre Mignoni souhaitait r\u00e9ellement conserver son joueur pour lui laisser l\u2019opportunit\u00e9 de d\u00e9couvrir le Top 14.<\/p>\n<p><strong>Pierre Mignoni explique comment se sont d\u00e9roul\u00e9s les n\u00e9gociations. Extrait:<\/strong><\/p>\n<p>\u00ab\u00a0Oliver Cowie ? Je comprends que vous le d\u00e9couvriez. Dans la saison, il avait une opportunit\u00e9 d\u2019aller \u00e0 B\u00e9ziers sous la forme d\u2019un pr\u00eat pour jouer six ou sept matches en Pro D2. C\u2019\u00e9tait juste avant la fin de l\u2019autorisation, je ne me souviens plus de la date exacte. J\u2019ai \u00e9t\u00e9 oblig\u00e9 d\u2019en parler \u00e0 mon joueur car B\u00e9ziers m\u2019avait contact\u00e9. J\u2019ai dit \u00e0 Oliver qu\u2019il allait jouer avec nous trois ou quatre matches. Maintenant, s\u2019il avait envie de jouer six ou sept matches en Pro D2\u2026 <\/p>\n<p>Je lui ai laiss\u00e9 le choix. C\u2019\u00e9tait un choix partag\u00e9. Et Oliver m\u2019a dit qu\u2019il voulait rester. Il a remerci\u00e9 B\u00e9ziers, il les a appel\u00e9 et tout s\u2019est bien pass\u00e9. Malheureusement il s\u2019est bless\u00e9. Mais je savais qu\u2019il pouvait nous amener tout ce que vous avez vu.\u00a0\u00bb<\/p>\n","protected":false},"excerpt":{"rendered":"Le jeune trois-quarts centre du Rugby Club Toulonnais, Oliver Cowie va doucement mais s\u00fbrement montrer le bout de&hellip;\n","protected":false},"author":2,"featured_media":209437,"comment_status":"","ping_status":"","sticky":false,"template":"","format":"standard","meta":{"footnotes":""},"categories":[1416],"tags":[1011,27,479,1468,60],"class_list":{"0":"post-209436","1":"post","2":"type-post","3":"status-publish","4":"format-standard","5":"has-post-thumbnail","7":"category-rugby","8":"tag-fr","9":"tag-france","10":"tag-rugby","11":"tag-rugby-football","12":"tag-sports"},"share_on_mastodon":{"url":"https:\/\/pubeurope.com\/@fr\/114757726588714179","error":""},"_links":{"self":[{"href":"https:\/\/www.europesays.com\/fr\/wp-json\/wp\/v2\/posts\/209436","targetHints":{"allow":["GET"]}}],"collection":[{"href":"https:\/\/www.europesays.com\/fr\/wp-json\/wp\/v2\/posts"}],"about":[{"href":"https:\/\/www.europesays.com\/fr\/wp-json\/wp\/v2\/types\/post"}],"author":[{"embeddable":true,"href":"https:\/\/www.europesays.com\/fr\/wp-json\/wp\/v2\/users\/2"}],"replies":[{"embeddable":true,"href":"https:\/\/www.europesays.com\/fr\/wp-json\/wp\/v2\/comments?post=209436"}],"version-history":[{"count":0,"href":"https:\/\/www.europesays.com\/fr\/wp-json\/wp\/v2\/posts\/209436\/revisions"}],"wp:featuredmedia":[{"embeddable":true,"href":"https:\/\/www.europesays.com\/fr\/wp-json\/wp\/v2\/media\/209437"}],"wp:attachment":[{"href":"https:\/\/www.europesays.com\/fr\/wp-json\/wp\/v2\/media?parent=209436"}],"wp:term":[{"taxonomy":"category","embeddable":true,"href":"https:\/\/www.europesays.com\/fr\/wp-json\/wp\/v2\/categories?post=209436"},{"taxonomy":"post_tag","embeddable":true,"href":"https:\/\/www.europesays.com\/fr\/wp-json\/wp\/v2\/tags?post=209436"}],"curies":[{"name":"wp","href":"https:\/\/api.w.org\/{rel}","templated":true}]}}