{"id":209440,"date":"2025-06-27T22:39:14","date_gmt":"2025-06-27T22:39:14","guid":{"rendered":"https:\/\/www.europesays.com\/fr\/209440\/"},"modified":"2025-06-27T22:39:14","modified_gmt":"2025-06-27T22:39:14","slug":"le-tirage-des-demi-finales-ffbb","status":"publish","type":"post","link":"https:\/\/www.europesays.com\/fr\/209440\/","title":{"rendered":"Le tirage des demi-finales | FFBB"},"content":{"rendered":"<p>                            <img decoding=\"async\" class=\"img-fluid thumbnail__news\" src=\"https:\/\/www.europesays.com\/fr\/wp-content\/uploads\/2025\/06\/453783cc-fa43-47f4-9e44-4701adc96a70.png\" alt=\"Le tirage des demi-finales\"\/><br \/>\n                                                        Ce matin, au si\u00e8ge de la f\u00e9d\u00e9ration \u00e0 Paris, le Pr\u00e9sident de la FFBB, Jean-Pierre Hunckler a effectu\u00e9 le tirage au sort des demi-finales de la Coupe de France f\u00e9minine (Troph\u00e9e Jo\u00eb Jaunay). Les matcches auront lieu le samedi 1er mars \u00e0 20h00.<\/p>\n<p>Plus que 4 \u00e9quipes en course, le remake de la finale 2024 aura lieu d\u00e8s les demi-finales, Basket Landes tentera de prendre sa revanche lors de la r\u00e9ception de Bourges \u00e0 l&rsquo;Espace Fran\u00e7ois Mitt\u00e9rand.<\/p>\n<p>L&rsquo;autre demi-finale r\u00e9unira les deux surprises de cette comp\u00e9tition, Tarbes tentera de surprendre Charleville-M\u00e9zi\u00e8res qui \u00e9voluera \u00e0 domicile.<\/p>\n<p><strong>Programme des demi-finales de la Coupe de France f\u00e9minine &#8211; Troph\u00e9e Jo\u00eb Jaunay<\/strong><br \/>\u00a0<br \/>&#8211; Samedi 1er mars \u00e0 20h00<br \/>Charleville M\u00e9zi\u00e8res (LBWL) &#8211; Tarbes (LBWL)<br \/>Basket Landes (LBWL) &#8211; Bourges (LBWL)<\/p>\n","protected":false},"excerpt":{"rendered":"Ce matin, au si\u00e8ge de la f\u00e9d\u00e9ration \u00e0 Paris, le Pr\u00e9sident de la FFBB, Jean-Pierre Hunckler a effectu\u00e9&hellip;\n","protected":false},"author":2,"featured_media":209441,"comment_status":"","ping_status":"","sticky":false,"template":"","format":"standard","meta":{"footnotes":""},"categories":[1414],"tags":[1465,1464,1011,27,60],"class_list":{"0":"post-209440","1":"post","2":"type-post","3":"status-publish","4":"format-standard","5":"has-post-thumbnail","7":"category-basket","8":"tag-basket","9":"tag-basketball","10":"tag-fr","11":"tag-france","12":"tag-sports"},"share_on_mastodon":{"url":"https:\/\/pubeurope.com\/@fr\/114757734776895119","error":""},"_links":{"self":[{"href":"https:\/\/www.europesays.com\/fr\/wp-json\/wp\/v2\/posts\/209440","targetHints":{"allow":["GET"]}}],"collection":[{"href":"https:\/\/www.europesays.com\/fr\/wp-json\/wp\/v2\/posts"}],"about":[{"href":"https:\/\/www.europesays.com\/fr\/wp-json\/wp\/v2\/types\/post"}],"author":[{"embeddable":true,"href":"https:\/\/www.europesays.com\/fr\/wp-json\/wp\/v2\/users\/2"}],"replies":[{"embeddable":true,"href":"https:\/\/www.europesays.com\/fr\/wp-json\/wp\/v2\/comments?post=209440"}],"version-history":[{"count":0,"href":"https:\/\/www.europesays.com\/fr\/wp-json\/wp\/v2\/posts\/209440\/revisions"}],"wp:featuredmedia":[{"embeddable":true,"href":"https:\/\/www.europesays.com\/fr\/wp-json\/wp\/v2\/media\/209441"}],"wp:attachment":[{"href":"https:\/\/www.europesays.com\/fr\/wp-json\/wp\/v2\/media?parent=209440"}],"wp:term":[{"taxonomy":"category","embeddable":true,"href":"https:\/\/www.europesays.com\/fr\/wp-json\/wp\/v2\/categories?post=209440"},{"taxonomy":"post_tag","embeddable":true,"href":"https:\/\/www.europesays.com\/fr\/wp-json\/wp\/v2\/tags?post=209440"}],"curies":[{"name":"wp","href":"https:\/\/api.w.org\/{rel}","templated":true}]}}