{"id":209450,"date":"2025-06-27T22:44:13","date_gmt":"2025-06-27T22:44:13","guid":{"rendered":"https:\/\/www.europesays.com\/fr\/209450\/"},"modified":"2025-06-27T22:44:13","modified_gmt":"2025-06-27T22:44:13","slug":"bezos-et-lauren-sanchez-se-sont-dit-oui-dans-une-venise-divisee-sur-ce-mariage-27-06-2025-a-2349","status":"publish","type":"post","link":"https:\/\/www.europesays.com\/fr\/209450\/","title":{"rendered":"Bezos et Lauren Sanchez se sont dit oui dans une Venise divis\u00e9e sur ce mariage &#8211; 27\/06\/2025 \u00e0 23:49"},"content":{"rendered":"<p>        <img fetchpriority=\"high\" decoding=\"async\" src=\"https:\/\/www.europesays.com\/fr\/wp-content\/uploads\/2025\/06\/0abf34065d1e284b36db27dcd27b0e1e-760x506.jpg\" alt=\"Le fondateur d'Amazon, Jeff Bezos, quitte l'h\u00f4tel Aman le jour de son mariage avec Lauren Sanchez, le 27 juin 2025 \u00e0 Venise ( AFP \/ Stefano Rellandini )\" loading=\"eager\" width=\"760\" height=\"506\" style=\"max-width: 100%!important; height: auto;\"\/><\/p>\n<p class=\"c-image-news__legend\">Le fondateur d&rsquo;Amazon, Jeff Bezos, quitte l&rsquo;h\u00f4tel Aman le jour de son mariage avec Lauren Sanchez, le 27 juin 2025 \u00e0 Venise ( AFP \/ Stefano Rellandini )<\/p>\n<p>\n Le fondateur d&rsquo;Amazon, Jeff Bezos, et la journaliste Lauren Sanchez se sont mari\u00e9s symboliquement vendredi soir lors d&rsquo;une somptueuse c\u00e9r\u00e9monie en pr\u00e9sence de personnalit\u00e9s riches et c\u00e9l\u00e8bres sur une \u00eele de Venise, loin des regards et des manifestants.\n<\/p>\n<p>\n Jeff Bezos, 61 ans et Lauren Sanchez, 55 ans, on \u00e9chang\u00e9 leurs voeux lors d&rsquo;une c\u00e9r\u00e9monie en tenue de soir\u00e9e vendredi soir sur l&rsquo;\u00eele de San Giorgio Maggiore, face \u00e0 la place Saint-Marc, selon les m\u00e9dias italiens.\n<\/p>\n<\/p>\n<p>\n La c\u00e9r\u00e9monie pour les mari\u00e9s a d\u00e9but\u00e9 par un air chant\u00e9 par Matteo Bocelli, fils du c\u00e9l\u00e8bre chanteur d&rsquo;op\u00e9ra Andrea Bocelli, selon les informations rapport\u00e9es.\n<\/p>\n<p>\n Le chef \u00e9toil\u00e9 Fabrizio Mellino a pr\u00e9par\u00e9 le d\u00eener de mariage, tandis que le g\u00e2teau \u00e9tait confectionn\u00e9 par le p\u00e2tissier fran\u00e7ais C\u00e9dric Grolet, selon le Corriere della Sera.\n<\/p>\n<p>\n Lauren Sanchez a post\u00e9 sur Instagram sur le compte \u00ab\u00a0laurensanchezbezos\u00a0\u00bb une photo d&rsquo;elle en robe blanche de mari\u00e9e avec Jeff Bezos, m\u00eame si les deux sont d\u00e9j\u00e0 mari\u00e9s civilement aux Etats-unis.\n<\/p>\n<p>\n La c\u00e9r\u00e9monie de mariage vendredi est le point culminant d&rsquo;une semaine de festivit\u00e9s, entre yachts et invit\u00e9s VIP, qui s&rsquo;ach\u00e8vera samedi avec un grand bal o\u00f9 chantera Lady Gaga, dans une Venise divis\u00e9e sur l&rsquo;impact qu&rsquo;auront ces noces sur l&rsquo;image de la ville.\n<\/p>\n<p>        <img decoding=\"async\" src=\"https:\/\/www.europesays.com\/fr\/wp-content\/uploads\/2025\/06\/712cfbbc5af05a7118ecc53692bcd45e-760x506.jpg\" alt=\"Le bateau &quot;Moa&quot; (c), transportant Jeff Bezos, est escort\u00e9 sur le Grand Canal le jour de son mariage avec Lauren Sanchez, le 27 juin 2025 \u00e0 Venise ( AFP \/ Stefano Rellandini )\" loading=\"eager\" width=\"760\" height=\"506\" style=\"max-width: 100%!important; height: auto;\"\/><\/p>\n<p class=\"c-image-news__legend\">Le bateau \u00ab\u00a0Moa\u00a0\u00bb (c), transportant Jeff Bezos, est escort\u00e9 sur le Grand Canal le jour de son mariage avec Lauren Sanchez, le 27 juin 2025 \u00e0 Venise ( AFP \/ Stefano Rellandini )<\/p>\n<p>\n La fille du pr\u00e9sident am\u00e9ricain Ivanka Trump, Leonardo di Caprio, Kim Kardashian, Kendall et Kylie Jenner, la superstar du football am\u00e9ricain Tom Brady, la pr\u00e9sentatrice Oprah Winfrey ou Bill Gates faisaient partie des invit\u00e9s aper\u00e7us sur les canaux de la ville par des photographes de l&rsquo;AFP.\n<\/p>\n<p>\n Interrog\u00e9 sur ce qu&rsquo;il pr\u00e9f\u00e9rait de la Cit\u00e9 des Doges, le milliardaire am\u00e9ricain, tout sourire dans un canot aux c\u00f4t\u00e9s de sa future \u00e9pouse, s&rsquo;est pris d&rsquo;enthousiasme: \u00ab\u00a0Regardez autour de vous! Cette ville semble impossible, (&#8230;) et pourtant, elle est bien l\u00e0\u00a0\u00bb, peut-on l&rsquo;entendre dire dans une vid\u00e9o publi\u00e9e par La Repubblica.\n<\/p>\n<p> &#8211; pr\u00e8s d&rsquo;un milliard de retomb\u00e9es &#8211;<\/p>\n<p>\n Jeff Bezos, qui d\u00e9tient pour environ 215 milliards de dollars d&rsquo;actions d&rsquo;Amazon, fera un don de 3 millions d&rsquo;euros \u00e0 une association de protection de la lagune, \u00e0 la Venice International University et \u00e0 l&rsquo;Unesco, selon le pr\u00e9sident de la r\u00e9gion Luca Zaia (extr\u00eame droite).\n<\/p>\n<p>        <img decoding=\"async\" src=\"https:\/\/www.europesays.com\/fr\/wp-content\/uploads\/2025\/06\/9921e322f0087336df7868def8428b29-760x506.jpg\" alt=\"Le bateau transportant Lauren Sanchez (c) est escort\u00e9 vers l'\u00eele San Giorgio Maggiore le jour de son mariage avec Jeff Bezos, le 27 juin 2025 \u00e0 Venise ( AFP \/ Stefano Rellandini )\" loading=\"eager\" width=\"760\" height=\"506\" style=\"max-width: 100%!important; height: auto;\"\/><\/p>\n<p class=\"c-image-news__legend\">Le bateau transportant Lauren Sanchez (c) est escort\u00e9 vers l&rsquo;\u00eele San Giorgio Maggiore le jour de son mariage avec Jeff Bezos, le 27 juin 2025 \u00e0 Venise ( AFP \/ Stefano Rellandini )<\/p>\n<p>\n Les pouvoirs locaux n&rsquo;ont cess\u00e9 de soutenir le choix du milliardaire de se marier \u00e0 Venise, balayant tout lien avec le surtourisme contre lequel des mesures ont \u00e9t\u00e9 prises comme l&rsquo;instauration d&rsquo;un ticket d&rsquo;entr\u00e9e payant.\n<\/p>\n<p>\n Le minist\u00e8re du Tourisme, dans une note vendredi, a chiffr\u00e9 les d\u00e9penses directes r\u00e9alis\u00e9es par Jeff Bezos et sa future \u00e9pouse \u00e0 28,4 millions d&rsquo;euros pour ces festivit\u00e9s qui passionnent les m\u00e9dias italiens.\n<\/p>\n<p>\n Il a surtout dit s&rsquo;attendre \u00e0 895 millions d&rsquo;euros g\u00e9n\u00e9r\u00e9s pour la ville par la \u00ab\u00a0visibilit\u00e9 m\u00e9diatique\u00a0\u00bb de l&rsquo;\u00e9v\u00e9nement, tout en pr\u00e9venant que celle-ci \u00ab\u00a0exige une v\u00e9rification empirique.\u00a0\u00bb\n<\/p>\n<\/p>\n<p>\n Quelque 100.000 touristes dorment dans la ville durant la haute saison, auxquels s&rsquo;ajoutent des dizaines de milliers de visiteurs \u00e0 la journ\u00e9e, alors que le nombre de r\u00e9sidents permanents est en chute libre.\n<\/p>\n<p>\n Pour Samuel Silvestri, commer\u00e7ant v\u00e9nitien de 55 ans, \u00ab\u00a0le surtourisme est principalement caus\u00e9 par ces gens qui ne viennent qu&rsquo;une journ\u00e9e avec leur sac \u00e0 dos et leur nourriture, et qui contribuent tr\u00e8s peu \u00e0 la ville\u00a0\u00bb.\n<\/p>\n<p>\n \u00ab\u00a0Pas par ceux qui transforment Venise en un petit Monte-Carlo\u00a0\u00bb, le c\u00e9l\u00e8bre quartier de Monaco, poursuit-il. \u00ab\u00a0Ce mariage aussi fa\u00e7onne l&rsquo;image de la ville\u00a0\u00bb.\n<\/p>\n<p>\n Un avis probablement partag\u00e9 par Alain Vanleeuw, 70 ans, un entrepreneur de Bruxelles qui dit qu&rsquo;il a \u00ab\u00a0essay\u00e9 de programmer (son voyage, ndlr) en fonction des dates qui avaient \u00e9t\u00e9 pr\u00e9vues pour le mariage.\u201d\n<\/p>\n<p> &#8211; Pas de renfort policier &#8211;<\/p>\n<p>        <img decoding=\"async\" src=\"https:\/\/www.europesays.com\/fr\/wp-content\/uploads\/2025\/06\/ac948de5e52270c04633839ffa424008-760x506.jpg\" alt=\"Vue de l'Arsenal, avant le mariage du fondateur d'Amazon Jeff Bezos avec Lauren Sanchez, le 27 juin 2025 \u00e0 Venise ( AFP \/ Stefano Rellandini )\" loading=\"eager\" width=\"760\" height=\"506\" style=\"max-width: 100%!important; height: auto;\"\/><\/p>\n<p class=\"c-image-news__legend\">Vue de l&rsquo;Arsenal, avant le mariage du fondateur d&rsquo;Amazon Jeff Bezos avec Lauren Sanchez, le 27 juin 2025 \u00e0 Venise ( AFP \/ Stefano Rellandini )<\/p>\n<p>\n Mais un collectif d&rsquo;habitants baptis\u00e9 \u00ab\u00a0No Space for Bezos\u00a0\u00bb (\u00ab\u00a0Pas de place pour Bezos\u00a0\u00bb) multiplie les manifestations symboliques pour s&rsquo;opposer aux r\u00e9jouissances, au slogan de \u00ab\u00a0Venise n&rsquo;est pas \u00e0 vendre\u00a0\u00bb, craignant que le mariage complique encore plus le d\u00e9placement des habitants.\n<\/p>\n<p>\n \u00ab\u00a0Ce mariage cause des probl\u00e8mes dans la ville, avec des fermetures de canaux et des contr\u00f4les de plus en plus stricts\u00a0\u00bb, a d\u00e9nonc\u00e9 Alice Bazzoli, 24 ans, militante de \u00ab\u00a0No Space for Bezos\u00a0\u00bb.\n<\/p>\n<p>\n \u00ab\u00a0Il n&rsquo;y a eu aucune intention de verrouiller la ville\u00a0\u00bb, a assur\u00e9 le pr\u00e9fet de Venise Darco Pellos \u00e0 l&rsquo;AFP, affirmant par ailleurs que l&rsquo;\u00e9v\u00e9nement n&rsquo;avait exig\u00e9 aucun \u00ab\u00a0renfort\u00a0\u00bb policier par rapport \u00e0 une saison estivale habituelle.\n<\/p>\n<p>        <img decoding=\"async\" src=\"https:\/\/www.europesays.com\/fr\/wp-content\/uploads\/2025\/06\/8385bea9599c36333cb6b90099e5742e-760x506.jpg\" alt=\"Des touristes en gondole sur la lagune de Venise, le jour du mariage de Jeff Bezos et Lauren Sanchez, le 27 juin 2025 ( AFP \/ ANDREA PATTARO )\" loading=\"eager\" width=\"760\" height=\"506\" style=\"max-width: 100%!important; height: auto;\"\/><\/p>\n<p class=\"c-image-news__legend\">Des touristes en gondole sur la lagune de Venise, le jour du mariage de Jeff Bezos et Lauren Sanchez, le 27 juin 2025 ( AFP \/ ANDREA PATTARO )<\/p>\n<p>\n Il y a 11 ans, le mariage de l&rsquo;acteur George Clooney n&rsquo;avait pas cr\u00e9\u00e9 autant de remous. Mais l&rsquo;acteur am\u00e9ricain n&rsquo;est pas l&rsquo;un des hommes les plus riches de la plan\u00e8te et n&rsquo;a pas fond\u00e9 le plus grand site mondial d&rsquo;e-commerce, r\u00e9guli\u00e8rement dans le viseur d&rsquo;associations de d\u00e9fense de l&rsquo;environnement.\n<\/p>\n<p>\n Greenpeace justement n&rsquo;a de cesse de d\u00e9noncer l&rsquo;impact \u00e9cologique du mariage, auquel de nombreux invit\u00e9s se sont rendus en jet priv\u00e9, alors que l&rsquo;\u00e9quilibre fragile de Venise \u00ab\u00a0coule sous le poids de la crise climatique\u00a0\u00bb.<\/p>\n","protected":false},"excerpt":{"rendered":"Le fondateur d&rsquo;Amazon, Jeff Bezos, quitte l&rsquo;h\u00f4tel Aman le jour de son mariage avec Lauren Sanchez, le 27&hellip;\n","protected":false},"author":2,"featured_media":209451,"comment_status":"","ping_status":"","sticky":false,"template":"","format":"standard","meta":{"footnotes":""},"categories":[1359],"tags":[400,398,408,405,58,59,1011,27,403,402,399,404,973,401,406,407],"class_list":{"0":"post-209450","1":"post","2":"type-post","3":"status-publish","4":"format-standard","5":"has-post-thumbnail","7":"category-people","8":"tag-action-cac-40","9":"tag-bourse-de-paris","10":"tag-boursorama","11":"tag-cotations","12":"tag-divertissement","13":"tag-entertainment","14":"tag-fr","15":"tag-france","16":"tag-indices-devises","17":"tag-investir","18":"tag-investissement","19":"tag-marche-boursier","20":"tag-people","21":"tag-sicav","22":"tag-trackers","23":"tag-warrants"},"share_on_mastodon":{"url":"https:\/\/pubeurope.com\/@fr\/114757754590023246","error":""},"_links":{"self":[{"href":"https:\/\/www.europesays.com\/fr\/wp-json\/wp\/v2\/posts\/209450","targetHints":{"allow":["GET"]}}],"collection":[{"href":"https:\/\/www.europesays.com\/fr\/wp-json\/wp\/v2\/posts"}],"about":[{"href":"https:\/\/www.europesays.com\/fr\/wp-json\/wp\/v2\/types\/post"}],"author":[{"embeddable":true,"href":"https:\/\/www.europesays.com\/fr\/wp-json\/wp\/v2\/users\/2"}],"replies":[{"embeddable":true,"href":"https:\/\/www.europesays.com\/fr\/wp-json\/wp\/v2\/comments?post=209450"}],"version-history":[{"count":0,"href":"https:\/\/www.europesays.com\/fr\/wp-json\/wp\/v2\/posts\/209450\/revisions"}],"wp:featuredmedia":[{"embeddable":true,"href":"https:\/\/www.europesays.com\/fr\/wp-json\/wp\/v2\/media\/209451"}],"wp:attachment":[{"href":"https:\/\/www.europesays.com\/fr\/wp-json\/wp\/v2\/media?parent=209450"}],"wp:term":[{"taxonomy":"category","embeddable":true,"href":"https:\/\/www.europesays.com\/fr\/wp-json\/wp\/v2\/categories?post=209450"},{"taxonomy":"post_tag","embeddable":true,"href":"https:\/\/www.europesays.com\/fr\/wp-json\/wp\/v2\/tags?post=209450"}],"curies":[{"name":"wp","href":"https:\/\/api.w.org\/{rel}","templated":true}]}}