{"id":209456,"date":"2025-06-27T22:47:09","date_gmt":"2025-06-27T22:47:09","guid":{"rendered":"https:\/\/www.europesays.com\/fr\/209456\/"},"modified":"2025-06-27T22:47:09","modified_gmt":"2025-06-27T22:47:09","slug":"mask-singer-il-me-degoute-pas-la-peine-de-faire-la-pub-de-ta-vache-folle-on-sait-que-tu-veux-quelle-gagne-il-se-prend-pour-un-juge-de-chant-alors-quil-fait-des-films-a-la-c","status":"publish","type":"post","link":"https:\/\/www.europesays.com\/fr\/209456\/","title":{"rendered":"Mask Singer &#8211; \u00ab\u00a0Il me d\u00e9go\u00fbte\u00a0\u00bb, \u00ab\u00a0Pas la peine de faire la pub de ta vache folle, on sait que tu veux qu\u2019elle gagne\u00a0\u00bb, \u00ab\u00a0Il se prend pour un juge de chant alors qu\u2019il fait des films \u00e0 la con sur les chauves\u00a0\u00bb : accus\u00e9 d\u2019influencer les votes, Kev Adams suscite la col\u00e8re des internautes"},"content":{"rendered":"<p>La saison s\u2019est termin\u00e9e\u2026 et le myst\u00e8re n\u2019est plus ! Ce vendredi 27 juin, TF1 a diffus\u00e9 <a data-i13n=\"cpos:1;pos:1\" href=\"https:\/\/fr.news.yahoo.com\/mask-singer-patrick-duffy-r%C3%A9v%C3%A8le-090100170.html\" data-ylk=\"slk:la grande finale;cpos:1;pos:1;elm:context_link;itc:0;sec:content-canvas;outcm:mb_qualified_link;_E:mb_qualified_link;ct:story;\" class=\"link  yahoo-link\" target=\"_blank\" rel=\"noopener\">la grande finale <\/a>de la saison 7 de \u00ab\u00a0<a data-i13n=\"cpos:2;pos:1\" href=\"https:\/\/fr.news.yahoo.com\/mask-singer-tf1-costume-cygne-123909854.html\" data-ylk=\"slk:Mask Singer;cpos:2;pos:1;elm:context_link;itc:0;sec:content-canvas;outcm:mb_qualified_link;_E:mb_qualified_link;ct:story;\" class=\"link  yahoo-link\" target=\"_blank\" rel=\"noopener\">Mask Singer<\/a>\u00ab\u00a0, un divertissement devenu incontournable pour les familles en qu\u00eate de spectacle, de paillettes et de devinettes farfelues.<\/p>\n<p>Apr\u00e8s <a data-i13n=\"cpos:3;pos:1\" href=\"https:\/\/fr.news.yahoo.com\/mask-singer-cachait-derri%C3%A8re-cygne-075439249.html\" data-ylk=\"slk:des semaines de comp\u00e9tition;cpos:3;pos:1;elm:context_link;itc:0;sec:content-canvas;outcm:mb_qualified_link;_E:mb_qualified_link;ct:story;\" class=\"link  yahoo-link\" target=\"_blank\" rel=\"noopener\">des semaines de comp\u00e9tition<\/a>, d\u2019indices cryptiques et de prestations parfois bluffantes, trois costumes \u00e9taient encore en lice : la Vache, la Girafe et le Chaton. Un trio animalier qui a su s\u2019imposer tout au long de cette \u00e9dition, malgr\u00e9 une fin de parcours sans v\u00e9ritable suspense.<\/p>\n<p>Un trio d\u2019animaux en guise d\u2019ultimes masques<\/p>\n<p>Port\u00e9e par Camille Combal et un quatuor d\u2019enqu\u00eateurs en grande forme, Kev Adams, Chantal Ladesou, <a data-i13n=\"cpos:4;pos:1\" href=\"https:\/\/fr.style.yahoo.com\/prosopagnosie-trouble-dont-souffre-elodie-101700289.html\" data-ylk=\"slk:\u00c9lodie Poux;cpos:4;pos:1;elm:context_link;itc:0;sec:content-canvas;outcm:mb_qualified_link;_E:mb_qualified_link;ct:story;\" class=\"link  yahoo-link\" target=\"_blank\" rel=\"noopener\">\u00c9lodie Poux<\/a> et Laurent Ruquier, cette saison n\u2019a pas manqu\u00e9 de surprises. Parmi les personnalit\u00e9s d\u00e9j\u00e0 d\u00e9masqu\u00e9es, on retiendra notamment Patrick S\u00e9bastien grim\u00e9 en Rhino, Jeanfi Janssens d\u00e9guis\u00e9 en Autruche ou encore Shaggy en Cyclope. Des r\u00e9v\u00e9lations parfois attendues, d\u2019autres totalement inattendues, mais toujours orchestr\u00e9es avec humour.<\/p>\n<p>Et pour ce dernier prime, TF1 a vu les choses en grand. Les trois finalistes ont livr\u00e9 leurs ultimes prestations, entre solos percutants et duos in\u00e9dits avec d\u2019anciens masques embl\u00e9matiques. Le L\u00e9opard (Chim\u00e8ne Badi), le Papillon (Denitsa Ikonomova) ou encore l\u2019\u00c9pouvantail (G\u00e9r\u00e9my Cr\u00e9deville) ont ainsi fait leur retour sur sc\u00e8ne, pour un final tout en complicit\u00e9 et en clin d\u2019\u0153il \u00e0 la saison \u00e9coul\u00e9e.<\/p>\n<p>S\u00e9verine Ferrer alias le Chaton<\/p>\n<p>Malheureusement, comme dans chaque comp\u00e9tition, il fallait faire des choix. Juste avant le verdict final, c\u2019est le Chaton qui a quitt\u00e9 l\u2019aventure \u00e0 une voix pr\u00e8s. Sous le costume se cachait S\u00e9verine Ferrer, accueillie avec \u00e9motions par le public. Tr\u00e8s applaudie, elle a pris le temps de saluer la salle et de faire des c\u00e2lins aux enfants venus l\u2019entourer, un adieu long et touchant, parmi les plus marquants du programme.<\/p>\n<p>La Toile s\u2019enflamme apr\u00e8s l\u2019\u00e9limination du Chaton<\/p>\n<p>Mais cette \u00e9limination du Chaton a d\u00e9clench\u00e9 une v\u00e9ritable vague d\u2019indignation sur X. De nombreux internautes, visiblement attach\u00e9s \u00e0 S\u00e9verine Ferrer, ont cri\u00e9 \u00e0 l\u2019injustice. \u00ab\u00a0Honteux\u00a0\u00bb, \u00ab\u00a0Foutage de gueule\u00a0\u00bb, \u00ab\u00a0Scandale absolu\u00a0\u00bb\u2026 les mots ont fus\u00e9 pour d\u00e9noncer un r\u00e9sultat jug\u00e9 incompr\u00e9hensible.<\/p>\n<p>Plusieurs abonn\u00e9s de X ont point\u00e9 du doigt le poids du jeune public dans les votes, accusant les enfants d\u2019avoir fauss\u00e9 le suspense. D\u2019autres ont estim\u00e9 que la production avait \u00ab\u00a0fait semblant\u00a0\u00bb de cr\u00e9er un \u00e9cart serr\u00e9 entre la Vache et le Chaton. Face \u00e0 la col\u00e8re, quelques fans de la Vache se sont tout de m\u00eame r\u00e9jouis, affirmant en riant que les \u00ab\u00a0rageux\u00a0\u00bb \u00e9taient en sueur. Mais pour beaucoup, la sortie du Chaton a laiss\u00e9 un go\u00fbt amer : \u00ab\u00a0Franchement, j\u2019ai m\u00eame plus envie de voir la fin\u00a0\u00bb, a r\u00e9sum\u00e9 un internaute d\u00e9go\u00fbt\u00e9.<\/p>\n<blockquote placeholder=\"\" data-theme=\"light\" class=\"twitter-tweet\">\n<p>C\u2019est tellement injuste ! Ils ont fait semblant de mettre la vache en deuxi\u00e8me\u2026 <a href=\"https:\/\/twitter.com\/hashtag\/MaskSinger?src=hash&amp;ref_src=twsrc%5Etfw\" rel=\"nofollow noopener\" target=\"_blank\" data-ylk=\"slk:#MaskSinger;elm:context_link;itc:0;sec:content-canvas\" class=\"link \">#MaskSinger<\/a><\/p>\n<p>\u2014 Vincent (@VincentKHENG) <a href=\"https:\/\/twitter.com\/VincentKHENG\/status\/1938695284210413936?ref_src=twsrc%5Etfw\" rel=\"nofollow noopener\" target=\"_blank\" data-ylk=\"slk:June 27, 2025;elm:context_link;itc:0;sec:content-canvas\" class=\"link \">June 27, 2025<\/a><\/p>\n<\/blockquote>\n<blockquote placeholder=\"\" data-theme=\"light\" class=\"twitter-tweet\">\n<p>Degagez les marmots au lit c\u2019est du n\u2019importe quoi! Depuis le debut tout le monde c\u2019est que la vache est PEF mais il est en finale <a href=\"https:\/\/twitter.com\/hashtag\/MaskSinger?src=hash&amp;ref_src=twsrc%5Etfw\" rel=\"nofollow noopener\" target=\"_blank\" data-ylk=\"slk:#MaskSinger;elm:context_link;itc:0;sec:content-canvas\" class=\"link \">#MaskSinger<\/a><\/p>\n<p>\u2014 Photos_by Lolo (@Lolo_Cg_photos) <a href=\"https:\/\/twitter.com\/Lolo_Cg_photos\/status\/1938695524883763368?ref_src=twsrc%5Etfw\" rel=\"nofollow noopener\" target=\"_blank\" data-ylk=\"slk:June 27, 2025;elm:context_link;itc:0;sec:content-canvas\" class=\"link \">June 27, 2025<\/a><\/p>\n<\/blockquote>\n<blockquote placeholder=\"\" data-theme=\"light\" class=\"twitter-tweet\">\n<p>Pourquoi je ne suis pas \u00e9tonn\u00e9 ? Franchement je n&rsquo;ai m\u00eame pas envie de voir la fin parce que l\u00e0, on touche vraiment le ridicule <a href=\"https:\/\/twitter.com\/hashtag\/MaskSinger?src=hash&amp;ref_src=twsrc%5Etfw\" rel=\"nofollow noopener\" target=\"_blank\" data-ylk=\"slk:#MaskSinger;elm:context_link;itc:0;sec:content-canvas\" class=\"link \">#MaskSinger<\/a><\/p>\n<p>\u2014 Clement (@CinottiClement) <a href=\"https:\/\/twitter.com\/CinottiClement\/status\/1938695504906551419?ref_src=twsrc%5Etfw\" rel=\"nofollow noopener\" target=\"_blank\" data-ylk=\"slk:June 27, 2025;elm:context_link;itc:0;sec:content-canvas\" class=\"link \">June 27, 2025<\/a><\/p>\n<\/blockquote>\n<blockquote placeholder=\"\" data-theme=\"light\" class=\"twitter-tweet\">\n<p>Si Pef la vache gagne <a href=\"https:\/\/twitter.com\/hashtag\/MaskSinger?src=hash&amp;ref_src=twsrc%5Etfw\" rel=\"nofollow noopener\" target=\"_blank\" data-ylk=\"slk:#MaskSinger;elm:context_link;itc:0;sec:content-canvas\" class=\"link \">#MaskSinger<\/a> \u00e7a sera la plus grosse honte de toutes les saisons ! Le gars fait juste le con mais ne sait pas du tout chanter ! Donc j&rsquo;esp\u00e8re que la girafe Lola Dubini gagnera vu son talent de chanteuse !!!<\/p>\n<p>\u2014 CashManTV (@CashMan_off) <a href=\"https:\/\/twitter.com\/CashMan_off\/status\/1938697820153753750?ref_src=twsrc%5Etfw\" rel=\"nofollow noopener\" target=\"_blank\" data-ylk=\"slk:June 27, 2025;elm:context_link;itc:0;sec:content-canvas\" class=\"link \">June 27, 2025<\/a><\/p>\n<\/blockquote>\n<p>\u00ab\u00a0Pas la peine de faire la pub de ta vache folle\u00a0\u00bb<\/p>\n<p>Autre moment qui a fait grincer des dents : la prestation de la Girafe sur \u00ab\u00a0Set Fire to the Rain\u00a0\u00bb d\u2019Adele. Ovationn\u00e9e par le public et salu\u00e9e par le reste du jury, la chanteuse a pourtant vu Kev Adams casser l\u2019ambiance en jugeant sa performance \u00ab\u00a0loin d\u2019\u00eatre sa meilleure\u00a0\u00bb. Une remarque jug\u00e9e d\u00e9plac\u00e9e, surtout \u00e0 ce stade de la comp\u00e9tition, et qui a provoqu\u00e9 une avalanche de r\u00e9actions en ligne. De nombreux internautes ont accus\u00e9 l\u2019humoriste d\u2019essayer de favoriser la Vache \u2014 suppos\u00e9ment incarn\u00e9e par son ami Pierre-Fran\u00e7ois Martin-Laval alias PEF \u2014 en \u00ab\u00a0d\u00e9nigrant\u00a0\u00bb volontairement sa rivale. Certains demandent m\u00eame son remplacement dans la prochaine saison, lass\u00e9s de ce qu\u2019ils consid\u00e8rent comme une tentative d\u2019influencer les votes \u00e0 r\u00e9p\u00e9tition.<\/p>\n<blockquote placeholder=\"\" data-theme=\"light\" class=\"twitter-tweet\">\n<p><a href=\"https:\/\/twitter.com\/hashtag\/MaskSinger?src=hash&amp;ref_src=twsrc%5Etfw\" rel=\"nofollow noopener\" target=\"_blank\" data-ylk=\"slk:#MaskSinger;elm:context_link;itc:0;sec:content-canvas\" class=\"link \">#MaskSinger<\/a> kev il me d\u00e9goute pour le coup<br \/>Il fait tout pour que son pote gagne<\/p>\n<p>\u2014 Th\u00e9na\u00efs\ud83d\udc98 (@FinardTheo32150) <a href=\"https:\/\/twitter.com\/FinardTheo32150\/status\/1938700782204866770?ref_src=twsrc%5Etfw\" rel=\"nofollow noopener\" target=\"_blank\" data-ylk=\"slk:June 27, 2025;elm:context_link;itc:0;sec:content-canvas\" class=\"link \">June 27, 2025<\/a><\/p>\n<\/blockquote>\n<blockquote placeholder=\"\" data-theme=\"light\" class=\"twitter-tweet\">\n<p>C&rsquo;est bon kev pas la peine de faire la pub de ta vache folle on sait que tu veux qu&rsquo;elle gagne <a href=\"https:\/\/twitter.com\/hashtag\/MaskSinger?src=hash&amp;ref_src=twsrc%5Etfw\" rel=\"nofollow noopener\" target=\"_blank\" data-ylk=\"slk:#MaskSinger;elm:context_link;itc:0;sec:content-canvas\" class=\"link \">#MaskSinger<\/a><\/p>\n<p>\u2014 Christine Bertrel (@titizeau) <a href=\"https:\/\/twitter.com\/titizeau\/status\/1938700204997517709?ref_src=twsrc%5Etfw\" rel=\"nofollow noopener\" target=\"_blank\" data-ylk=\"slk:June 27, 2025;elm:context_link;itc:0;sec:content-canvas\" class=\"link \">June 27, 2025<\/a><\/p>\n<\/blockquote>\n<blockquote placeholder=\"\" data-theme=\"light\" class=\"twitter-tweet\">\n<p>Kev Adams il avait besoin de dire \u00e7a de la prestation de la girafe tout \u00e7a pour faire gagner son pote <a href=\"https:\/\/twitter.com\/hashtag\/MaskSinger?src=hash&amp;ref_src=twsrc%5Etfw\" rel=\"nofollow noopener\" target=\"_blank\" data-ylk=\"slk:#MaskSinger;elm:context_link;itc:0;sec:content-canvas\" class=\"link \">#MaskSinger<\/a><\/p>\n<p>\u2014 Christine Bertrel (@titizeau) <a href=\"https:\/\/twitter.com\/titizeau\/status\/1938699812398080318?ref_src=twsrc%5Etfw\" rel=\"nofollow noopener\" target=\"_blank\" data-ylk=\"slk:June 27, 2025;elm:context_link;itc:0;sec:content-canvas\" class=\"link \">June 27, 2025<\/a><\/p>\n<\/blockquote>\n<blockquote placeholder=\"\" data-theme=\"light\" class=\"twitter-tweet\">\n<p>Non mais Kev qui se permet de juger les prestas des c\u00e9l\u00e9brit\u00e9s maintenant \ud83d\ude2c le malaise <a href=\"https:\/\/twitter.com\/hashtag\/MaskSinger?src=hash&amp;ref_src=twsrc%5Etfw\" rel=\"nofollow noopener\" target=\"_blank\" data-ylk=\"slk:#MaskSinger;elm:context_link;itc:0;sec:content-canvas\" class=\"link \">#MaskSinger<\/a><\/p>\n<p>\u2014 Scarlett \u262e\ufe0f (@neige2407) <a href=\"https:\/\/twitter.com\/neige2407\/status\/1938699258913530000?ref_src=twsrc%5Etfw\" rel=\"nofollow noopener\" target=\"_blank\" data-ylk=\"slk:June 27, 2025;elm:context_link;itc:0;sec:content-canvas\" class=\"link \">June 27, 2025<\/a><\/p>\n<\/blockquote>\n<blockquote placeholder=\"\" data-theme=\"light\" class=\"twitter-tweet\">\n<p>Nan mais Kev Adams qui l&rsquo;envoi m\u00eame \ud83d\ude2d il ose critiquer Lola Dubini sur sa derni\u00e8re prestation j&rsquo;ai pas compris ? \u00c0 moins qu&rsquo;ce soit pour faire gagner son pote Pef <a href=\"https:\/\/twitter.com\/hashtag\/MaskSinger?src=hash&amp;ref_src=twsrc%5Etfw\" rel=\"nofollow noopener\" target=\"_blank\" data-ylk=\"slk:#MaskSinger;elm:context_link;itc:0;sec:content-canvas\" class=\"link \">#MaskSinger<\/a><\/p>\n<p>\u2014 \ud83d\udc93 (@stellandv) <a href=\"https:\/\/twitter.com\/stellandv\/status\/1938699018349011201?ref_src=twsrc%5Etfw\" rel=\"nofollow noopener\" target=\"_blank\" data-ylk=\"slk:June 27, 2025;elm:context_link;itc:0;sec:content-canvas\" class=\"link \">June 27, 2025<\/a><\/p>\n<\/blockquote>\n<blockquote placeholder=\"\" data-theme=\"light\" class=\"twitter-tweet\">\n<p>Non mais \u00e7a suffit l\u00e0 Kev Adams qui encense la presta catastrophique de la vache pendant qu&rsquo;il a os\u00e9 d\u00e9monter la presta de ouf de la girafe, en se prenant pour un juge de chant alors qu&rsquo;il fait des films \u00e0 la con sur les chauves, on est o\u00f9 l\u00e0 ?<a href=\"https:\/\/twitter.com\/hashtag\/MaskSinger?src=hash&amp;ref_src=twsrc%5Etfw\" rel=\"nofollow noopener\" target=\"_blank\" data-ylk=\"slk:#MaskSinger;elm:context_link;itc:0;sec:content-canvas\" class=\"link \">#MaskSinger<\/a><\/p>\n<p>\u2014 Giraffe\ud83d\udcab (@Giraffe0717) <a href=\"https:\/\/twitter.com\/Giraffe0717\/status\/1938703736911602046?ref_src=twsrc%5Etfw\" rel=\"nofollow noopener\" target=\"_blank\" data-ylk=\"slk:June 27, 2025;elm:context_link;itc:0;sec:content-canvas\" class=\"link \">June 27, 2025<\/a><\/p>\n<\/blockquote>\n<blockquote placeholder=\"\" data-theme=\"light\" class=\"twitter-tweet\">\n<p>Kev il a cru qu\u2019il \u00e9tait juge \u00e0 the voice il m\u2019a saoul\u00e9 <a href=\"https:\/\/twitter.com\/hashtag\/masksinger?src=hash&amp;ref_src=twsrc%5Etfw\" rel=\"nofollow noopener\" target=\"_blank\" data-ylk=\"slk:#masksinger;elm:context_link;itc:0;sec:content-canvas\" class=\"link \">#masksinger<\/a><\/p>\n<p>\u2014 mama meli \ud83d\udc67\ud83c\udffc\ud83d\udc7c\ud83c\udffb (@okaymmeli) <a href=\"https:\/\/twitter.com\/okaymmeli\/status\/1938699013085372731?ref_src=twsrc%5Etfw\" rel=\"nofollow noopener\" target=\"_blank\" data-ylk=\"slk:June 27, 2025;elm:context_link;itc:0;sec:content-canvas\" class=\"link \">June 27, 2025<\/a><\/p>\n<\/blockquote>\n<blockquote placeholder=\"\" data-theme=\"light\" class=\"twitter-tweet\">\n<p>Kev le rabat joie qui veut juste faire gagner la vache c&rsquo;est s\u00fbr \ud83d\ude02 <a href=\"https:\/\/twitter.com\/hashtag\/MaskSinger?src=hash&amp;ref_src=twsrc%5Etfw\" rel=\"nofollow noopener\" target=\"_blank\" data-ylk=\"slk:#MaskSinger;elm:context_link;itc:0;sec:content-canvas\" class=\"link \">#MaskSinger<\/a><\/p>\n<p>\u2014 Romain (@Duru_Romain6391) <a href=\"https:\/\/twitter.com\/Duru_Romain6391\/status\/1938698848731546008?ref_src=twsrc%5Etfw\" rel=\"nofollow noopener\" target=\"_blank\" data-ylk=\"slk:June 27, 2025;elm:context_link;itc:0;sec:content-canvas\" class=\"link \">June 27, 2025<\/a><\/p>\n<\/blockquote>\n<blockquote placeholder=\"\" data-theme=\"light\" class=\"twitter-tweet\">\n<p>Non mais Kev qui descend la presta de Lola juste pour que son pote remporte la saison \ud83d\udc80 Au secours. <a href=\"https:\/\/twitter.com\/hashtag\/MaskSinger?src=hash&amp;ref_src=twsrc%5Etfw\" rel=\"nofollow noopener\" target=\"_blank\" data-ylk=\"slk:#MaskSinger;elm:context_link;itc:0;sec:content-canvas\" class=\"link \">#MaskSinger<\/a><\/p>\n<p>\u2014 Louis (@Lovis_Brd) <a href=\"https:\/\/twitter.com\/Lovis_Brd\/status\/1938698932479013014?ref_src=twsrc%5Etfw\" rel=\"nofollow noopener\" target=\"_blank\" data-ylk=\"slk:June 27, 2025;elm:context_link;itc:0;sec:content-canvas\" class=\"link \">June 27, 2025<\/a><\/p>\n<\/blockquote>\n<blockquote placeholder=\"\" data-theme=\"light\" class=\"twitter-tweet\">\n<p>C&rsquo;est possible de remplacer Kev l&rsquo;ann\u00e9e prochaine ? Car \u00e7a suffit d&rsquo;influencer \u00e0 chaque fois le public pour sauver ses copains d\u00e9j\u00e0 les Capone et cette ann\u00e9e Pef <a href=\"https:\/\/twitter.com\/hashtag\/MaskSinger?src=hash&amp;ref_src=twsrc%5Etfw\" rel=\"nofollow noopener\" target=\"_blank\" data-ylk=\"slk:#MaskSinger;elm:context_link;itc:0;sec:content-canvas\" class=\"link \">#MaskSinger<\/a><\/p>\n<p>\u2014 Christine Bertrel (@titizeau) <a href=\"https:\/\/twitter.com\/titizeau\/status\/1938701444158496952?ref_src=twsrc%5Etfw\" rel=\"nofollow noopener\" target=\"_blank\" data-ylk=\"slk:June 27, 2025;elm:context_link;itc:0;sec:content-canvas\" class=\"link \">June 27, 2025<\/a><\/p>\n<\/blockquote>\n<p>Malgr\u00e9 les critiques et les soup\u00e7ons d\u2019influence, c\u2019est finalement la Girafe qui a remport\u00e9 la saison 7 de \u00ab\u00a0Mask Singer\u00a0\u00bb. Un verdict qui a r\u00e9joui une grande partie des internautes, ravis de voir leur favorite triompher malgr\u00e9 les tensions de la finale. Bravo \u00e0 Lola Dubini pour ses prestations.<\/p>\n<p><script async src=\"https:\/\/platform.twitter.com\/widgets.js\" charset=\"utf-8\"><\/script><\/p>\n","protected":false},"excerpt":{"rendered":"La saison s\u2019est termin\u00e9e\u2026 et le myst\u00e8re n\u2019est plus ! Ce vendredi 27 juin, TF1 a diffus\u00e9 la&hellip;\n","protected":false},"author":2,"featured_media":209457,"comment_status":"","ping_status":"","sticky":false,"template":"","format":"standard","meta":{"footnotes":""},"categories":[1356],"tags":[34847,58,59,34848,1011,27,6787,34846,34849,252,199,1364],"class_list":{"0":"post-209456","1":"post","2":"type-post","3":"status-publish","4":"format-standard","5":"has-post-thumbnail","7":"category-television","8":"tag-chaton","9":"tag-divertissement","10":"tag-entertainment","11":"tag-foutage-de-gueule","12":"tag-fr","13":"tag-france","14":"tag-kev-adams","15":"tag-la-vache","16":"tag-severine-ferrer","17":"tag-television","18":"tag-tf1","19":"tag-tv"},"share_on_mastodon":{"url":"https:\/\/pubeurope.com\/@fr\/114757766086560891","error":""},"_links":{"self":[{"href":"https:\/\/www.europesays.com\/fr\/wp-json\/wp\/v2\/posts\/209456","targetHints":{"allow":["GET"]}}],"collection":[{"href":"https:\/\/www.europesays.com\/fr\/wp-json\/wp\/v2\/posts"}],"about":[{"href":"https:\/\/www.europesays.com\/fr\/wp-json\/wp\/v2\/types\/post"}],"author":[{"embeddable":true,"href":"https:\/\/www.europesays.com\/fr\/wp-json\/wp\/v2\/users\/2"}],"replies":[{"embeddable":true,"href":"https:\/\/www.europesays.com\/fr\/wp-json\/wp\/v2\/comments?post=209456"}],"version-history":[{"count":0,"href":"https:\/\/www.europesays.com\/fr\/wp-json\/wp\/v2\/posts\/209456\/revisions"}],"wp:featuredmedia":[{"embeddable":true,"href":"https:\/\/www.europesays.com\/fr\/wp-json\/wp\/v2\/media\/209457"}],"wp:attachment":[{"href":"https:\/\/www.europesays.com\/fr\/wp-json\/wp\/v2\/media?parent=209456"}],"wp:term":[{"taxonomy":"category","embeddable":true,"href":"https:\/\/www.europesays.com\/fr\/wp-json\/wp\/v2\/categories?post=209456"},{"taxonomy":"post_tag","embeddable":true,"href":"https:\/\/www.europesays.com\/fr\/wp-json\/wp\/v2\/tags?post=209456"}],"curies":[{"name":"wp","href":"https:\/\/api.w.org\/{rel}","templated":true}]}}