{"id":209478,"date":"2025-06-27T22:59:27","date_gmt":"2025-06-27T22:59:27","guid":{"rendered":"https:\/\/www.europesays.com\/fr\/209478\/"},"modified":"2025-06-27T22:59:27","modified_gmt":"2025-06-27T22:59:27","slug":"calendriers-derbys-comment-va-se-derouler-la-saison-de-lasse","status":"publish","type":"post","link":"https:\/\/www.europesays.com\/fr\/209478\/","title":{"rendered":"calendriers, derbys\u202f? Comment va se d\u00e9rouler la saison de l&rsquo;ASSE"},"content":{"rendered":"<p>Repouss\u00e9e de deux jours, la parution du calendrier de la saison 2025-2026 de Ligue 2 dans laquelle \u00e9volueront les Verts a \u00e9t\u00e9 d\u00e9voil\u00e9e ce vendredi en d\u00e9but d&rsquo;apr\u00e8s-midi.<\/p>\n<p>  Les programmations exactes encore inconnues<\/p>\n<p>Alors que les supporters st\u00e9phanois pouvaient esp\u00e9rer conna\u00eetre les dates des potentiels derbys face \u00e0 l\u2019OL, <a href=\"https:\/\/www.leprogres.fr\/sport\/2025\/06\/25\/pourquoi-la-dncg-a-decide-de-retrograder-l-ol-en-ligue-2\" target=\"_blank\" rel=\"noopener\">\u00e0 la suite de la rel\u00e9gation du club rhodanien<\/a>. Il n\u2019en sera rien puisque la Ligue de football professionnel a \u00e9tabli des calendriers sans y inclure l\u2019OL.<\/p>\n<p>L\u2019ASSE conna\u00eet d\u00e9sormais son premier adversaire. Elle devra se rendre \u00e0 Laval le 8 ou le 9\u00a0ao\u00fbt et terminera sa saison en accueillant Amiens le week-end du 8 mai. Pour l\u2019heure, l\u2019horaire et le jour exacts ne sont pas connus, ils devraient \u00eatre d\u00e9termin\u00e9s par la programmation TV choisie par beIN Sports dans les semaines \u00e0 venir.<\/p>\n<p>  Un derby en fin d&rsquo;\u00e9t\u00e9 ?<\/p>\n<p>Outre ces matchs d\u2019ouverture et de cl\u00f4ture du championnat, deux autres journ\u00e9es sont tout de m\u00eame \u00e0 retenir avant le reste\u00a0: la 6e et la 20e. Lors de ces rendez-vous programm\u00e9s les 19 septembre et 23 janvier 2026, les Verts accueilleront puis se d\u00e9placeront \u00e0 Reims. Mais en l\u2019\u00e9tat actuel des choses, c\u2019est l\u2019OL qui devrait tenir cette place. Ainsi, le premier derby pourrait se jouer en toute fin d\u2019\u00e9t\u00e9.<\/p>\n<p>Si d&rsquo;aventure, les Lyonnais retrouvent leur place en Ligue 1, il faudra se contenter d&rsquo;affrontements r\u00e9gionaux face \u00e0 Grenoble (29 ao\u00fbt \u00e0 l&rsquo;ext\u00e9rieur, 13 mars \u00e0 domicile), Clermont (12 septembre \u00e0 l&rsquo;ext\u00e9rieur, 16 janvier \u00e0 domicile) et Annecy (24 octobre \u00e0 l&rsquo;ext\u00e9rieur, 20 mars \u00e0 domicile).<\/p>\n<p>Par ailleurs, deux autres rencontres sont \u00e9galement incertaines, face \u00e0 Ajaccio. Les Ac\u00e9istes ayant \u00e9t\u00e9 \u00e9galement rel\u00e9gu\u00e9s en National, les 3e (22 ao\u00fbt) et 21e journ\u00e9es (30 janvier) face \u00e0 Ajaccio pourraient finalement se jouer contre Boulogne-sur-Mer, d\u00e9fait en barrages par Clermont.<\/p>\n<p>Enfin, deux p\u00e9riodes pourraient \u00eatre charni\u00e8re dans la saison \u00e0 venir avec un mois d\u2019octobre particuli\u00e8rement dense, rempli par cinq matchs, dont le premier face \u00e0 des Monpelli\u00e9rains ambitieux. Une s\u00e9rie de matchs qui s\u2019ach\u00e8vera par deux d\u00e9placements au Red Star et \u00e0 Troyes, d\u00e9but novembre. Le second temps fort pourrait se tenir au c\u0153ur de l\u2019hiver o\u00f9 l\u2019ASSE affrontera les deux autres rel\u00e9gu\u00e9s en deux semaines. Lyon ou Reims le 23 janvier, puis Montpellier le 6 f\u00e9vrier.<\/p>\n<p>Des rendez-vous \u00e0 bien n\u00e9gocier contre deux \u00e9quipes qui ont \u00e9galement affich\u00e9 leurs ambitions de remont\u00e9e imm\u00e9diate. Le tout avant un sprint final qui sera rythm\u00e9 par trois d\u00e9placements et autant de matchs \u00e0 la maison. Avant de f\u00eater une mont\u00e9e le 8 mai dans le Chaudron\u00a0? Pour cela, les Verts devront retranscrire sur le terrain leur domination financi\u00e8re d\u2019une Ligue 2 qui a rarement eu aussi peu de t\u00eates d\u2019affiche ces derni\u00e8res saisons.<\/p>\n<p>En attendant, les St\u00e9phanois ont encore plus d\u2019un mois de pr\u00e9paration rythm\u00e9 par cinq matchs amicaux.<\/p>\n<p class=\"insetTitle\">Le programme<\/p>\n<p><strong>Samedi 5\u00a0juillet, \u00e0 18\u00a0h\u00a030<\/strong> \u00e0 l\u2019Envol Stadium d\u2019Andr\u00e9zieux\u00a0: ASSE &#8211; \u00c9toile Carouge FC.<\/p>\n<p><strong>Samedi 12\u00a0juillet, \u00e0 17 heures<\/strong>\u00a0: ASSE &#8211; Troyes \u00e0 huis clos.<\/p>\n<p><strong>Vendredi 18\u00a0juillet, \u00e0 19\u00a0h\u00a030<\/strong> au stade Jacques-Forestier d\u2019Aix-les-Bains\u00a0: Servette FC \u2013 ASSE.<\/p>\n<p><strong>Vendredi 25\u00a0juillet, \u00e0 19 heures<\/strong> au stade Joseph-Moynat de Thonon-les-Bains\u00a0: ASSE &#8211; Paris FC.<\/p>\n<p><strong>Samedi 2\u00a0ao\u00fbt, \u00e0 20\u00a0h\u00a030<\/strong> \u00e0 l\u2019Unipol Domus de Cagliari\u00a0: Cagliari \u2013 ASSE. Vendredi\u00a08 ou samedi 9\u00a0ao\u00fbt au stade Francis Le Basser\u00a0: Laval \u2013 ASSE.<\/p>\n","protected":false},"excerpt":{"rendered":"Repouss\u00e9e de deux jours, la parution du calendrier de la saison 2025-2026 de Ligue 2 dans laquelle \u00e9volueront&hellip;\n","protected":false},"author":2,"featured_media":209479,"comment_status":"","ping_status":"","sticky":false,"template":"","format":"standard","meta":{"footnotes":""},"categories":[9653],"tags":[1111,11,4000,2430,7539,1777,674,107,63,1011,27,4002,3367,12,2755,25,4001,7538,517],"class_list":{"0":"post-209478","1":"post","2":"type-post","3":"status-publish","4":"format-standard","5":"has-post-thumbnail","7":"category-saint-etienne","8":"tag-actu","9":"tag-actualites","10":"tag-asse-as-saint-etienne-football","11":"tag-auvergne-rhone-alpes","12":"tag-edition-loire-sud","13":"tag-eu","14":"tag-europe","15":"tag-fil-info","16":"tag-football","17":"tag-fr","18":"tag-france","19":"tag-haute-loire","20":"tag-loire","21":"tag-news","22":"tag-ol-olympique-lyonnais-football","23":"tag-republique-francaise","24":"tag-saint-etienne","25":"tag-saint-etienne-ville","26":"tag-sport"},"share_on_mastodon":{"url":"https:\/\/pubeurope.com\/@fr\/114757813198119460","error":""},"_links":{"self":[{"href":"https:\/\/www.europesays.com\/fr\/wp-json\/wp\/v2\/posts\/209478","targetHints":{"allow":["GET"]}}],"collection":[{"href":"https:\/\/www.europesays.com\/fr\/wp-json\/wp\/v2\/posts"}],"about":[{"href":"https:\/\/www.europesays.com\/fr\/wp-json\/wp\/v2\/types\/post"}],"author":[{"embeddable":true,"href":"https:\/\/www.europesays.com\/fr\/wp-json\/wp\/v2\/users\/2"}],"replies":[{"embeddable":true,"href":"https:\/\/www.europesays.com\/fr\/wp-json\/wp\/v2\/comments?post=209478"}],"version-history":[{"count":0,"href":"https:\/\/www.europesays.com\/fr\/wp-json\/wp\/v2\/posts\/209478\/revisions"}],"wp:featuredmedia":[{"embeddable":true,"href":"https:\/\/www.europesays.com\/fr\/wp-json\/wp\/v2\/media\/209479"}],"wp:attachment":[{"href":"https:\/\/www.europesays.com\/fr\/wp-json\/wp\/v2\/media?parent=209478"}],"wp:term":[{"taxonomy":"category","embeddable":true,"href":"https:\/\/www.europesays.com\/fr\/wp-json\/wp\/v2\/categories?post=209478"},{"taxonomy":"post_tag","embeddable":true,"href":"https:\/\/www.europesays.com\/fr\/wp-json\/wp\/v2\/tags?post=209478"}],"curies":[{"name":"wp","href":"https:\/\/api.w.org\/{rel}","templated":true}]}}