{"id":209494,"date":"2025-06-27T23:10:29","date_gmt":"2025-06-27T23:10:29","guid":{"rendered":"https:\/\/www.europesays.com\/fr\/209494\/"},"modified":"2025-06-27T23:10:29","modified_gmt":"2025-06-27T23:10:29","slug":"la-prison-etouffee-par-un-taux-doccupation-historique","status":"publish","type":"post","link":"https:\/\/www.europesays.com\/fr\/209494\/","title":{"rendered":"la prison \u00e9touff\u00e9e par un taux d\u2019occupation historique"},"content":{"rendered":"<p>\u00ab\u00a0On juge une soci\u00e9t\u00e9 \u00e0 l\u2019\u00e9tat de ses prisons.\u00a0\u00bb C\u2019est Me Jean-Yves Balestas qui rappelle cette antienne dont Fiodor Dosto\u00efevski et Albert Camus se disputent la paternit\u00e9. Et si l\u2019ancien b\u00e2tonnier de l\u2019ordre des avocats du barreau de Grenoble et pr\u00e9sident de l\u2019association Ajhiralp \u2013 qui g\u00e8re une trentaine de d\u00e9tenus en placement ext\u00e9rieur \u2013 r\u00e9p\u00e8te cette phrase, c\u2019est qu\u2019il juge la situation du centre p\u00e9nitentiaire de Varces \u00ab\u00a0scandaleuse\u00a0\u00bb. \u00ab\u00a0Le centre p\u00e9nitentiaire de Varces conna\u00eet une surpopulation catastrophique\u00a0\u00bb, a d\u2019ailleurs conc\u00e9d\u00e9 sans d\u00e9tour le nouveau procureur de la R\u00e9publique de Grenoble \u00c9tienne Manteaux, vendredi 20\u00a0juin, lors de son audience solennelle l\u2019installation au palais de justice de Grenoble.<\/p>\n<p>Avec 415 d\u00e9tenus r\u00e9pertori\u00e9s mardi 24\u00a0juin pour un 232 cellules th\u00e9oriques, l\u2019\u00e9tablissement var\u00e7ois affichait un taux d\u2019occupation d\u00e9passant 180\u00a0%. \u00ab\u00a0194\u00a0% pour le seul quartier des majeurs\u00a0\u00bb, pr\u00e9cise le secr\u00e9taire local du Syndicat p\u00e9nitentiaire des surveillants. Les&#8230;<\/p>\n","protected":false},"excerpt":{"rendered":"\u00ab\u00a0On juge une soci\u00e9t\u00e9 \u00e0 l\u2019\u00e9tat de ses prisons.\u00a0\u00bb C\u2019est Me Jean-Yves Balestas qui rappelle cette antienne dont&hellip;\n","protected":false},"author":2,"featured_media":209495,"comment_status":"","ping_status":"","sticky":false,"template":"","format":"standard","meta":{"footnotes":""},"categories":[9566],"tags":[1111,11,2430,271,272,112,113,114,1777,674,274,107,1011,27,2731,108,7000,12,25,106,104,13056],"class_list":{"0":"post-209494","1":"post","2":"type-post","3":"status-publish","4":"format-standard","5":"has-post-thumbnail","7":"category-grenoble","8":"tag-actu","9":"tag-actualites","10":"tag-auvergne-rhone-alpes","11":"tag-crime","12":"tag-delit-et-contravention","13":"tag-edition-grenoble-agglomeration","14":"tag-edition-gresivaudan-oisans","15":"tag-edition-voiron-saint-marcellin","16":"tag-eu","17":"tag-europe","18":"tag-faits-divers-justice","19":"tag-fil-info","20":"tag-fr","21":"tag-france","22":"tag-grenoble","23":"tag-isere","24":"tag-lagglomeration","25":"tag-news","26":"tag-republique-francaise","27":"tag-selection-de-la-redaction-38","28":"tag-societe","29":"tag-varces-allieres-et-risset"},"share_on_mastodon":{"url":"https:\/\/pubeurope.com\/@fr\/114757856436241079","error":""},"_links":{"self":[{"href":"https:\/\/www.europesays.com\/fr\/wp-json\/wp\/v2\/posts\/209494","targetHints":{"allow":["GET"]}}],"collection":[{"href":"https:\/\/www.europesays.com\/fr\/wp-json\/wp\/v2\/posts"}],"about":[{"href":"https:\/\/www.europesays.com\/fr\/wp-json\/wp\/v2\/types\/post"}],"author":[{"embeddable":true,"href":"https:\/\/www.europesays.com\/fr\/wp-json\/wp\/v2\/users\/2"}],"replies":[{"embeddable":true,"href":"https:\/\/www.europesays.com\/fr\/wp-json\/wp\/v2\/comments?post=209494"}],"version-history":[{"count":0,"href":"https:\/\/www.europesays.com\/fr\/wp-json\/wp\/v2\/posts\/209494\/revisions"}],"wp:featuredmedia":[{"embeddable":true,"href":"https:\/\/www.europesays.com\/fr\/wp-json\/wp\/v2\/media\/209495"}],"wp:attachment":[{"href":"https:\/\/www.europesays.com\/fr\/wp-json\/wp\/v2\/media?parent=209494"}],"wp:term":[{"taxonomy":"category","embeddable":true,"href":"https:\/\/www.europesays.com\/fr\/wp-json\/wp\/v2\/categories?post=209494"},{"taxonomy":"post_tag","embeddable":true,"href":"https:\/\/www.europesays.com\/fr\/wp-json\/wp\/v2\/tags?post=209494"}],"curies":[{"name":"wp","href":"https:\/\/api.w.org\/{rel}","templated":true}]}}