{"id":209496,"date":"2025-06-27T23:11:10","date_gmt":"2025-06-27T23:11:10","guid":{"rendered":"https:\/\/www.europesays.com\/fr\/209496\/"},"modified":"2025-06-27T23:11:10","modified_gmt":"2025-06-27T23:11:10","slug":"pro-d2-jerome-bosviel-en-10-sept-grenoblois-le-xv-de-la-saison-devoile","status":"publish","type":"post","link":"https:\/\/www.europesays.com\/fr\/209496\/","title":{"rendered":"Pro D2 \u2013 J\u00e9r\u00f4me Bosviel en 10, sept Grenoblois\u2026 Le XV de la saison d\u00e9voil\u00e9"},"content":{"rendered":"<p>\n                La LNR a officialis\u00e9 aujourd\u2019hui le XV de la saison de Pro D2. Une \u00e9quipe concoct\u00e9e par le vote des internautes o\u00f9 l\u2019on retrouve, entre autres, trois champions de France montalbanais, dont J\u00e9r\u00f4me Bosviel, et sept finalistes grenoblois.\n            <\/p>\n<p>Les internautes ont pu voter poste par poste pour \u00e9lire leur XV de la saison de Pro D2. En toute logique, la majorit\u00e9 des joueurs pr\u00e9sents dans ce XV sont issus des \u00e9quipes ayant marqu\u00e9 la fin du championnat. Seul un \u00e9l\u00e9ment de cette \u00e9quipe n\u2019a pas disput\u00e9 la phase finale. Il s\u2019agit du Biterrois et futur Lyonnais, Gabin Lorre, auteur de 16 essais cette saison.<\/p>\n<p>Les champions de France montalbanais sont repr\u00e9sent\u00e9s par trois fois dans cette \u00e9quipe. Leur ma\u00eetre \u00e0 jouer J\u00e9r\u00f4me Bosviel (236 points, 10 drops) est \u00e9lu meilleur ouvreur de la saison. Le capitaine de Sapiac, auteur d\u2019un essai en finale face \u00e0 Grenoble, Fred Quercy, ainsi que le Sud-Africain Sikhumbuzo Notshe sont pr\u00e9sents \u00e0 gauche et au centre de la troisi\u00e8me ligne.<\/p>\n<blockquote data-class=\"twitter-tweet\">\n<p lang=\"fr\" dir=\"ltr\">Ils ont brill\u00e9 tout au long de la saison, port\u00e9 leurs \u00e9quipes et marqu\u00e9 les esprits !<\/p>\n<p>Ce sont les joueurs que vous avez choisis \\ud83d\\udc40<br \/>D\u00e9couvrez le XV type de la saison 2024-2025 de <a href=\"https:\/\/twitter.com\/hashtag\/PROD2?src=hash&amp;ref_src=twsrc%5Etfw\" target=\"_blank\" rel=\"noopener\">#PROD2<\/a> \\ud83c\\udfc9<br \/>Article complet juste ici \\ud83d\\udc49<a href=\"https:\/\/t.co\/zX8DghUnqh\">https:\/\/t.co\/zX8DghUnqh<\/a> <a href=\"https:\/\/t.co\/F4dQfJ7f5P\">pic.twitter.com\/F4dQfJ7f5P<\/a><\/p>\n<p>\u2014 Rugby PRO D2 (@rugbyprod2) <a href=\"https:\/\/twitter.com\/rugbyprod2\/status\/1938599037193580616?ref_src=twsrc%5Etfw\" target=\"_blank\" rel=\"noopener\">June 27, 2025<\/a><\/p><\/blockquote>\n<p>Grenoble club le plus repr\u00e9sent\u00e9<\/p>\n<p>Grenoble, leader de la phase r\u00e9guli\u00e8re et battu pour la troisi\u00e8me fois de suite en finale cette ann\u00e9e, place tout de m\u00eame sept \u00e9l\u00e9ments dans ce XV de la saison faisant des Is\u00e9rois le club le plus repr\u00e9sent\u00e9. Chez les avants Tommy Raynaud (pilier gauche) et les deux seconde ligne Thomas Lainault et Giorgi Javakhia sont pl\u00e9biscit\u00e9s. Barnab\u00e9 Couilloud, Wilfried Hulleu, Romain Trouilloud et Romain Fusier sont pr\u00e9sents chez les trois-quarts.<\/p>\n<p>    Le XV de la saison de Pro D2.<\/p>\n<p>1. Raynaud (Grenoble), 2. Da Silva (Brive), 3. Van der Merwe (Brive)\u00a0; 4. Lainault (Grenoble), 5. Javakhia (Grenoble)\u00a0; 6. Quercy (Montauban), 8. Notshe (Montauban), 7. Lawes (Brive)\u00a0; 9. Couilloud (Grenoble), 10.Bosviel (Montauban)\u00a0; 11. Hulleu (Grenoble), 12. Trouilloud (Grenoble), Fusier (Grenoble), Lap\u00e8gue (Provence rugby)\u00a0; 15. Lorre (B\u00e9ziers).<\/p>\n<p>                    <script async src=\"https:\/\/platform.twitter.com\/widgets.js\" charset=\"utf-8\"><\/script><\/p>\n","protected":false},"excerpt":{"rendered":"La LNR a officialis\u00e9 aujourd\u2019hui le XV de la saison de Pro D2. Une \u00e9quipe concoct\u00e9e par le&hellip;\n","protected":false},"author":2,"featured_media":209497,"comment_status":"","ping_status":"","sticky":false,"template":"","format":"standard","meta":{"footnotes":""},"categories":[9566],"tags":[1111,11,2430,1777,674,1011,27,2731,12,25],"class_list":{"0":"post-209496","1":"post","2":"type-post","3":"status-publish","4":"format-standard","5":"has-post-thumbnail","7":"category-grenoble","8":"tag-actu","9":"tag-actualites","10":"tag-auvergne-rhone-alpes","11":"tag-eu","12":"tag-europe","13":"tag-fr","14":"tag-france","15":"tag-grenoble","16":"tag-news","17":"tag-republique-francaise"},"share_on_mastodon":{"url":"https:\/\/pubeurope.com\/@fr\/114757860314782326","error":""},"_links":{"self":[{"href":"https:\/\/www.europesays.com\/fr\/wp-json\/wp\/v2\/posts\/209496","targetHints":{"allow":["GET"]}}],"collection":[{"href":"https:\/\/www.europesays.com\/fr\/wp-json\/wp\/v2\/posts"}],"about":[{"href":"https:\/\/www.europesays.com\/fr\/wp-json\/wp\/v2\/types\/post"}],"author":[{"embeddable":true,"href":"https:\/\/www.europesays.com\/fr\/wp-json\/wp\/v2\/users\/2"}],"replies":[{"embeddable":true,"href":"https:\/\/www.europesays.com\/fr\/wp-json\/wp\/v2\/comments?post=209496"}],"version-history":[{"count":0,"href":"https:\/\/www.europesays.com\/fr\/wp-json\/wp\/v2\/posts\/209496\/revisions"}],"wp:featuredmedia":[{"embeddable":true,"href":"https:\/\/www.europesays.com\/fr\/wp-json\/wp\/v2\/media\/209497"}],"wp:attachment":[{"href":"https:\/\/www.europesays.com\/fr\/wp-json\/wp\/v2\/media?parent=209496"}],"wp:term":[{"taxonomy":"category","embeddable":true,"href":"https:\/\/www.europesays.com\/fr\/wp-json\/wp\/v2\/categories?post=209496"},{"taxonomy":"post_tag","embeddable":true,"href":"https:\/\/www.europesays.com\/fr\/wp-json\/wp\/v2\/tags?post=209496"}],"curies":[{"name":"wp","href":"https:\/\/api.w.org\/{rel}","templated":true}]}}