{"id":209500,"date":"2025-06-27T23:13:10","date_gmt":"2025-06-27T23:13:10","guid":{"rendered":"https:\/\/www.europesays.com\/fr\/209500\/"},"modified":"2025-06-27T23:13:10","modified_gmt":"2025-06-27T23:13:10","slug":"previsions-du-samedi-28-juin-2025","status":"publish","type":"post","link":"https:\/\/www.europesays.com\/fr\/209500\/","title":{"rendered":"pr\u00e9visions du samedi 28 juin 2025"},"content":{"rendered":"<p>\u00c0 Rennes les temp\u00e9ratures iront de 16 \u00e0 32\u00b0C sur l&rsquo;ensemble de la journ\u00e9e. Le ciel sera relativement lumineux, avec quelques \u00e9claircies le matin. On anticipe des valeurs d&rsquo;environ 24\u00b0C. Un vent de nord-ouest rafra\u00eechira quelque peu l&rsquo;atmosph\u00e8re. Cet apr\u00e8s-midi sera synonyme de grand soleil. Les temp\u00e9ratures vont conna\u00eetre une augmentation de plusieurs degr\u00e9s. L&rsquo;\u00e9pisode d&rsquo;importantes chaleurs est bien l\u00e0, avec des temp\u00e9ratures qui risqueront de monter jusqu&rsquo;\u00e0 32\u00b0C. Un ciel brumeux est pr\u00e9vu dans la nuit entre samedi et dimanche.<\/p>\n<p>Demain, un beau soleil brillera sur Rennes. C&rsquo;est une hausse de quelques degr\u00e9s que vont enregistrer les temp\u00e9ratures. La ville va subir une vague de fortes chaleurs avec des valeurs qui rejoindront parfois les 34\u00b0C. Les temp\u00e9ratures afficheront entre 16 et 34\u00b0C. Une petite brise de nord sera ressentie par les habitants. La ville va p\u00e2tir des grosses chaleurs avec des valeurs qui pourraient grimper \u00e0 31\u00b0C le matin. Le temps va se r\u00e9chauffer demain apr\u00e8s-midi avec une augmentation de plusieurs degr\u00e9s. Les temp\u00e9ratures \u00e9volueront entre 29 et 34\u2009\u00b0C.<\/p>\n<p>Les jours qui suivent s&rsquo;annoncent similaires. Des temp\u00e9ratures dans les 37\u00b0C iront de pair avec un ciel ensoleill\u00e9.<\/p>\n<p>En p\u00e9riode de forte chaleur, il est bon de se rafra\u00eechir par n&rsquo;importe quel moyen. Hydratez-vous bien, prenez des douches r\u00e9guli\u00e8rement, uilisez un brumisateur et tenez vos volets ferm\u00e9s pendant la journ\u00e9e.<\/p>\n","protected":false},"excerpt":{"rendered":"\u00c0 Rennes les temp\u00e9ratures iront de 16 \u00e0 32\u00b0C sur l&rsquo;ensemble de la journ\u00e9e. Le ciel sera relativement&hellip;\n","protected":false},"author":2,"featured_media":209501,"comment_status":"","ping_status":"","sticky":false,"template":"","format":"standard","meta":{"footnotes":""},"categories":[2821],"tags":[1111,11,829,1777,674,1011,27,848,12,2119,584,25],"class_list":{"0":"post-209500","1":"post","2":"type-post","3":"status-publish","4":"format-standard","5":"has-post-thumbnail","7":"category-rennes","8":"tag-actu","9":"tag-actualites","10":"tag-bretagne","11":"tag-eu","12":"tag-europe","13":"tag-fr","14":"tag-france","15":"tag-ille-et-vilaine","16":"tag-news","17":"tag-previsions-meteo","18":"tag-rennes","19":"tag-republique-francaise"},"share_on_mastodon":{"url":"https:\/\/pubeurope.com\/@fr\/114757868201515478","error":""},"_links":{"self":[{"href":"https:\/\/www.europesays.com\/fr\/wp-json\/wp\/v2\/posts\/209500","targetHints":{"allow":["GET"]}}],"collection":[{"href":"https:\/\/www.europesays.com\/fr\/wp-json\/wp\/v2\/posts"}],"about":[{"href":"https:\/\/www.europesays.com\/fr\/wp-json\/wp\/v2\/types\/post"}],"author":[{"embeddable":true,"href":"https:\/\/www.europesays.com\/fr\/wp-json\/wp\/v2\/users\/2"}],"replies":[{"embeddable":true,"href":"https:\/\/www.europesays.com\/fr\/wp-json\/wp\/v2\/comments?post=209500"}],"version-history":[{"count":0,"href":"https:\/\/www.europesays.com\/fr\/wp-json\/wp\/v2\/posts\/209500\/revisions"}],"wp:featuredmedia":[{"embeddable":true,"href":"https:\/\/www.europesays.com\/fr\/wp-json\/wp\/v2\/media\/209501"}],"wp:attachment":[{"href":"https:\/\/www.europesays.com\/fr\/wp-json\/wp\/v2\/media?parent=209500"}],"wp:term":[{"taxonomy":"category","embeddable":true,"href":"https:\/\/www.europesays.com\/fr\/wp-json\/wp\/v2\/categories?post=209500"},{"taxonomy":"post_tag","embeddable":true,"href":"https:\/\/www.europesays.com\/fr\/wp-json\/wp\/v2\/tags?post=209500"}],"curies":[{"name":"wp","href":"https:\/\/api.w.org\/{rel}","templated":true}]}}