{"id":209502,"date":"2025-06-27T23:14:09","date_gmt":"2025-06-27T23:14:09","guid":{"rendered":"https:\/\/www.europesays.com\/fr\/209502\/"},"modified":"2025-06-27T23:14:09","modified_gmt":"2025-06-27T23:14:09","slug":"previsions-du-samedi-28-juin-2025-2","status":"publish","type":"post","link":"https:\/\/www.europesays.com\/fr\/209502\/","title":{"rendered":"pr\u00e9visions du samedi 28 juin 2025"},"content":{"rendered":"<p>Le soleil sera au rendez-vous \u00e0 Strasbourg : une magnifique journ\u00e9e se pr\u00e9sente ! La chaleur estivale sera bien au rendez-vous puisque les temp\u00e9ratures seront tout de m\u00eame de 18\u00b0C au plus bas et de 32\u00b0C au plus haut. Un vent de nord-est soufflera l\u00e9g\u00e8rement, avec 3 km\/h. D\u00e8s le matin, les valeurs \u00e9volueront entre 21 et 30\u2009\u00b0C. L&rsquo;apr\u00e8s-midi, c&rsquo;est une hausse de plusieurs degr\u00e9s que vont enregistrer les temp\u00e9ratures pour un temps de plus en plus estival. L&rsquo;\u00e9pisode d&rsquo;importantes chaleurs est bien l\u00e0, avec des temp\u00e9ratures qui pourront monter \u00e0 32\u00b0C. Les valeurs maximales pr\u00e9vues le soir sont \u00e9lev\u00e9es, avec 30\u00b0C. Il va faire environ 27\u00b0C. Une nuit claire vous attendra entre samedi et dimanche.<\/p>\n<p>Demain, les Strasbourgeois comme les vacanciers vont pouvoir b\u00e9n\u00e9ficier d&rsquo;un soleil radieux. La m\u00e9t\u00e9o va se r\u00e9chauffer avec une augmentation de quelques degr\u00e9s pour un \u00e9t\u00e9 chaud. La ville va p\u00e2tir des grosses chaleurs avec des temp\u00e9ratures qui devraient grimper jusqu&rsquo;\u00e0 34\u00b0C. Les valeurs s&rsquo;\u00e9chelonneront entre 20 et 34\u00b0C, un temps bel et bien de saison. Un vent de nord-est rafra\u00eechira un peu l&rsquo;atmosph\u00e8re. Le matin, de tr\u00e8s fortes chaleurs (entre 23\u00b0C et 31\u00b0C) sont attendues. Les temp\u00e9ratures, plus estivales, vont conna\u00eetre une hausse de plusieurs degr\u00e9s au cours de l&rsquo;apr\u00e8s-midi. Les importantes chaleurs sont pr\u00e9sentes. Avec des temp\u00e9ratures \u00e9chelonn\u00e9es entre 32 et 34\u00b0C. La soir\u00e9e va \u00eatre tr\u00e8s chaude : pr\u00e8s de 30\u00b0C. Le thermom\u00e8tre affichera 28\u00b0C en moyenne.<\/p>\n<p>Les jours qui suivent s&rsquo;annoncent similaires. Il va faire un temps plut\u00f4t ensoleill\u00e9 avec des temp\u00e9ratures avoisinant 36\u00b0C.<\/p>\n<p>V\u00e9rifiez si votre d\u00e9partement est en alerte canicule. Dans tous les cas, il convient de prendre quelques pr\u00e9cautions pour se pr\u00e9munir contre la chaleur : buvez beaucoup et \u00e9vitez d&rsquo;aller au soleil durant les heures les plus chaudes.<\/p>\n","protected":false},"excerpt":{"rendered":"Le soleil sera au rendez-vous \u00e0 Strasbourg : une magnifique journ\u00e9e se pr\u00e9sente ! La chaleur estivale sera&hellip;\n","protected":false},"author":2,"featured_media":209503,"comment_status":"","ping_status":"","sticky":false,"template":"","format":"standard","meta":{"footnotes":""},"categories":[2820],"tags":[1111,11,2389,2649,1777,674,1011,27,775,12,2119,25,640],"class_list":{"0":"post-209502","1":"post","2":"type-post","3":"status-publish","4":"format-standard","5":"has-post-thumbnail","7":"category-strasbourg","8":"tag-actu","9":"tag-actualites","10":"tag-alsace","11":"tag-bas-rhin","12":"tag-eu","13":"tag-europe","14":"tag-fr","15":"tag-france","16":"tag-grand-est","17":"tag-news","18":"tag-previsions-meteo","19":"tag-republique-francaise","20":"tag-strasbourg"},"share_on_mastodon":{"url":"https:\/\/pubeurope.com\/@fr\/114757872242245529","error":""},"_links":{"self":[{"href":"https:\/\/www.europesays.com\/fr\/wp-json\/wp\/v2\/posts\/209502","targetHints":{"allow":["GET"]}}],"collection":[{"href":"https:\/\/www.europesays.com\/fr\/wp-json\/wp\/v2\/posts"}],"about":[{"href":"https:\/\/www.europesays.com\/fr\/wp-json\/wp\/v2\/types\/post"}],"author":[{"embeddable":true,"href":"https:\/\/www.europesays.com\/fr\/wp-json\/wp\/v2\/users\/2"}],"replies":[{"embeddable":true,"href":"https:\/\/www.europesays.com\/fr\/wp-json\/wp\/v2\/comments?post=209502"}],"version-history":[{"count":0,"href":"https:\/\/www.europesays.com\/fr\/wp-json\/wp\/v2\/posts\/209502\/revisions"}],"wp:featuredmedia":[{"embeddable":true,"href":"https:\/\/www.europesays.com\/fr\/wp-json\/wp\/v2\/media\/209503"}],"wp:attachment":[{"href":"https:\/\/www.europesays.com\/fr\/wp-json\/wp\/v2\/media?parent=209502"}],"wp:term":[{"taxonomy":"category","embeddable":true,"href":"https:\/\/www.europesays.com\/fr\/wp-json\/wp\/v2\/categories?post=209502"},{"taxonomy":"post_tag","embeddable":true,"href":"https:\/\/www.europesays.com\/fr\/wp-json\/wp\/v2\/tags?post=209502"}],"curies":[{"name":"wp","href":"https:\/\/api.w.org\/{rel}","templated":true}]}}