{"id":209506,"date":"2025-06-27T23:16:11","date_gmt":"2025-06-27T23:16:11","guid":{"rendered":"https:\/\/www.europesays.com\/fr\/209506\/"},"modified":"2025-06-27T23:16:11","modified_gmt":"2025-06-27T23:16:11","slug":"previsions-du-samedi-28-juin-2025-3","status":"publish","type":"post","link":"https:\/\/www.europesays.com\/fr\/209506\/","title":{"rendered":"pr\u00e9visions du samedi 28 juin 2025"},"content":{"rendered":"<p>Le soleil sera au rendez-vous \u00e0 Nice : une magnifique journ\u00e9e se profile ! Il fera en moyenne 28\u00b0C. Une brise de sud-est soufflera doucement. La ville va subir, le matin, un passage d&rsquo;importantes chaleurs avec des temp\u00e9ratures qui rejoindront parfois les 30\u00b0C. La chaleur estivale sera bien l\u00e0 puisque les valeurs seront tout de m\u00eame de 27\u00b0C au plus bas et de 30\u00b0C au maximum. Attention \u00e0 la vague de chaud dans l&rsquo;apr\u00e8s-midi. Des temp\u00e9ratures de 30 \u00e0 30\u00b0C sont attendues. La p\u00e9riode de fortes chaleurs est bien l\u00e0, avec des valeurs qui risqueront de monter jusqu&rsquo;\u00e0 30\u00b0C le soir. L&rsquo;\u00e9t\u00e9 s&rsquo;est d\u00e9finitivement install\u00e9 puisque les temp\u00e9ratures iront de 28 \u00e0 30\u00b0C. Le passage de samedi \u00e0 dimanche s&rsquo;effectuera sous un ciel d\u00e9pourvu de nuages.<\/p>\n<p>Un bel ensoleillement est attendu demain \u00e0 Nice. Un temps plus chaud est pr\u00e9vu puisque les temp\u00e9ratures vont conna\u00eetre une augmentation, remplissant les terrasses d&rsquo;habitants et de touristes venus profiter de l&rsquo;\u00e9t\u00e9. La ville va p\u00e2tir des grosses chaleurs avec des valeurs qui pourraient grimper \u00e0 31\u00b0C. Ce sera un bel \u00e9t\u00e9 : les temp\u00e9ratures s&rsquo;\u00e9chelonneront entre 26 et 31\u00b0C. Un vent de sud-est rafra\u00eechira quelque peu l&rsquo;atmosph\u00e8re. Les valeurs maximales annonc\u00e9es le matin sont \u00e9lev\u00e9es, avec 30\u00b0C. Les temp\u00e9ratures seront de 30\u00b0C. Demain apr\u00e8s-midi, de tr\u00e8s importantes chaleurs (entre 30\u00b0C et 31\u00b0C) sont pr\u00e9vues. La soir\u00e9e va se trouver vraiment suffocante : pr\u00e8s de 30\u00b0C. Les valeurs afficheront entre 28 et 30\u00b0C, un temps r\u00e9solument de saison.<\/p>\n<p>Les jours se suivent et ne changent pas. Comptez sur 31\u00b0C en moyenne qui accompagneront des journ\u00e9es ensoleill\u00e9es.<\/p>\n<p><\/p>\n","protected":false},"excerpt":{"rendered":"Le soleil sera au rendez-vous \u00e0 Nice : une magnifique journ\u00e9e se profile ! Il fera en moyenne&hellip;\n","protected":false},"author":2,"featured_media":209507,"comment_status":"","ping_status":"","sticky":false,"template":"","format":"standard","meta":{"footnotes":""},"categories":[2819],"tags":[1111,11,2898,1777,674,1011,27,12,2401,883,2119,882,25],"class_list":{"0":"post-209506","1":"post","2":"type-post","3":"status-publish","4":"format-standard","5":"has-post-thumbnail","7":"category-nice","8":"tag-actu","9":"tag-actualites","10":"tag-alpes-maritimes","11":"tag-eu","12":"tag-europe","13":"tag-fr","14":"tag-france","15":"tag-news","16":"tag-nice","17":"tag-paca","18":"tag-previsions-meteo","19":"tag-provence-alpes-cote-dazur","20":"tag-republique-francaise"},"share_on_mastodon":{"url":"https:\/\/pubeurope.com\/@fr\/114757879976921982","error":""},"_links":{"self":[{"href":"https:\/\/www.europesays.com\/fr\/wp-json\/wp\/v2\/posts\/209506","targetHints":{"allow":["GET"]}}],"collection":[{"href":"https:\/\/www.europesays.com\/fr\/wp-json\/wp\/v2\/posts"}],"about":[{"href":"https:\/\/www.europesays.com\/fr\/wp-json\/wp\/v2\/types\/post"}],"author":[{"embeddable":true,"href":"https:\/\/www.europesays.com\/fr\/wp-json\/wp\/v2\/users\/2"}],"replies":[{"embeddable":true,"href":"https:\/\/www.europesays.com\/fr\/wp-json\/wp\/v2\/comments?post=209506"}],"version-history":[{"count":0,"href":"https:\/\/www.europesays.com\/fr\/wp-json\/wp\/v2\/posts\/209506\/revisions"}],"wp:featuredmedia":[{"embeddable":true,"href":"https:\/\/www.europesays.com\/fr\/wp-json\/wp\/v2\/media\/209507"}],"wp:attachment":[{"href":"https:\/\/www.europesays.com\/fr\/wp-json\/wp\/v2\/media?parent=209506"}],"wp:term":[{"taxonomy":"category","embeddable":true,"href":"https:\/\/www.europesays.com\/fr\/wp-json\/wp\/v2\/categories?post=209506"},{"taxonomy":"post_tag","embeddable":true,"href":"https:\/\/www.europesays.com\/fr\/wp-json\/wp\/v2\/tags?post=209506"}],"curies":[{"name":"wp","href":"https:\/\/api.w.org\/{rel}","templated":true}]}}