{"id":209510,"date":"2025-06-27T23:18:09","date_gmt":"2025-06-27T23:18:09","guid":{"rendered":"https:\/\/www.europesays.com\/fr\/209510\/"},"modified":"2025-06-27T23:18:09","modified_gmt":"2025-06-27T23:18:09","slug":"previsions-du-samedi-28-juin-2025-4","status":"publish","type":"post","link":"https:\/\/www.europesays.com\/fr\/209510\/","title":{"rendered":"pr\u00e9visions du samedi 28 juin 2025"},"content":{"rendered":"<p>Le soleil sera dominant, la promesse d&rsquo;une magnifique journ\u00e9e \u00e0 Nantes ! L&rsquo;\u00e9t\u00e9 s&rsquo;est d\u00e9finitivement install\u00e9 puisque les valeurs iront de 16 \u00e0 34\u00b0C. Attention \u00e0 la vague de chaud au cours de la matin\u00e9e. Des temp\u00e9ratures de 19 \u00e0 30\u00b0C sont pr\u00e9vues. Les valeurs seront de 25\u00b0C. Un vent de nord rafra\u00eechira sensiblement l&rsquo;atmosph\u00e8re. Les temp\u00e9ratures vont enregistrer une augmentation de plusieurs degr\u00e9s dans l&rsquo;apr\u00e8s-midi. Les touristes comme les locaux pourront sortir sandales et chapeau. La ville va souffrir d&rsquo;importantes chaleurs avec des temp\u00e9ratures qui pourraient monter jusqu&rsquo;\u00e0 34\u00b0C. La ville va conna\u00eetre, le soir, un passage de grosses chaleurs avec des valeurs qui rejoindront parfois les 30\u00b0C. On pr\u00e9voit des temp\u00e9ratures d&rsquo;environ 27\u00b0C. On s&rsquo;attend \u00e0 une nuit claire entre samedi et dimanche.<\/p>\n<p>Demain, un beau soleil rayonnera sur Nantes. C&rsquo;est une hausse de quelques degr\u00e9s que vont conna\u00eetre les temp\u00e9ratures pour un climat de plus en plus estival. De tr\u00e8s fortes chaleurs (entre 18\u00b0C et 38\u00b0C) sont annonc\u00e9es. Ce sera un bel \u00e9t\u00e9 : les valeurs seront comprises entre 18 et 38\u00b0C. Un l\u00e9ger vent de nord-est sera ressenti par les habitants. La matin\u00e9e va \u00eatre tr\u00e8s suffocante : pr\u00e8s de 34\u00b0C. Un temps plus chaud est attendu demain apr\u00e8s-midi \u00e9tant donn\u00e9 que les temp\u00e9ratures vont enregistrer une augmentation, remplissant les terrasses de r\u00e9sidents et de vacanciers venus profiter de l&rsquo;\u00e9t\u00e9. Les valeurs \u00e9volueront entre 35 et 38\u2009\u00b0C. Les valeurs maximales pr\u00e9vues demain soir sont \u00e9lev\u00e9es, avec 37\u00b0C.<\/p>\n<p>Peu de changements pour la suite. On anticipe des journ\u00e9es ensoleill\u00e9es, accompagn\u00e9es par des temp\u00e9ratures dans les 38\u00b0C en moyenne.<\/p>\n<p>Lors de forte chaleur, il est n\u00e9cessaire de se rafra\u00eechir par n&rsquo;importe quel moyen. Hydratez-vous bien, prenez des douches fr\u00e9quemment, uilisez un brumisateur et tenez vos volets ferm\u00e9s durant la journ\u00e9e.<\/p>\n","protected":false},"excerpt":{"rendered":"Le soleil sera dominant, la promesse d&rsquo;une magnifique journ\u00e9e \u00e0 Nantes ! L&rsquo;\u00e9t\u00e9 s&rsquo;est d\u00e9finitivement install\u00e9 puisque les&hellip;\n","protected":false},"author":2,"featured_media":209511,"comment_status":"","ping_status":"","sticky":false,"template":"","format":"standard","meta":{"footnotes":""},"categories":[2818],"tags":[1111,11,1777,674,1011,27,3047,766,12,2636,2119,25],"class_list":{"0":"post-209510","1":"post","2":"type-post","3":"status-publish","4":"format-standard","5":"has-post-thumbnail","7":"category-nantes","8":"tag-actu","9":"tag-actualites","10":"tag-eu","11":"tag-europe","12":"tag-fr","13":"tag-france","14":"tag-loire-atlantique","15":"tag-nantes","16":"tag-news","17":"tag-pays-de-la-loire","18":"tag-previsions-meteo","19":"tag-republique-francaise"},"share_on_mastodon":{"url":"https:\/\/pubeurope.com\/@fr\/114757887791516382","error":""},"_links":{"self":[{"href":"https:\/\/www.europesays.com\/fr\/wp-json\/wp\/v2\/posts\/209510","targetHints":{"allow":["GET"]}}],"collection":[{"href":"https:\/\/www.europesays.com\/fr\/wp-json\/wp\/v2\/posts"}],"about":[{"href":"https:\/\/www.europesays.com\/fr\/wp-json\/wp\/v2\/types\/post"}],"author":[{"embeddable":true,"href":"https:\/\/www.europesays.com\/fr\/wp-json\/wp\/v2\/users\/2"}],"replies":[{"embeddable":true,"href":"https:\/\/www.europesays.com\/fr\/wp-json\/wp\/v2\/comments?post=209510"}],"version-history":[{"count":0,"href":"https:\/\/www.europesays.com\/fr\/wp-json\/wp\/v2\/posts\/209510\/revisions"}],"wp:featuredmedia":[{"embeddable":true,"href":"https:\/\/www.europesays.com\/fr\/wp-json\/wp\/v2\/media\/209511"}],"wp:attachment":[{"href":"https:\/\/www.europesays.com\/fr\/wp-json\/wp\/v2\/media?parent=209510"}],"wp:term":[{"taxonomy":"category","embeddable":true,"href":"https:\/\/www.europesays.com\/fr\/wp-json\/wp\/v2\/categories?post=209510"},{"taxonomy":"post_tag","embeddable":true,"href":"https:\/\/www.europesays.com\/fr\/wp-json\/wp\/v2\/tags?post=209510"}],"curies":[{"name":"wp","href":"https:\/\/api.w.org\/{rel}","templated":true}]}}