{"id":209514,"date":"2025-06-27T23:20:09","date_gmt":"2025-06-27T23:20:09","guid":{"rendered":"https:\/\/www.europesays.com\/fr\/209514\/"},"modified":"2025-06-27T23:20:09","modified_gmt":"2025-06-27T23:20:09","slug":"previsions-du-samedi-28-juin-2025-5","status":"publish","type":"post","link":"https:\/\/www.europesays.com\/fr\/209514\/","title":{"rendered":"pr\u00e9visions du samedi 28 juin 2025"},"content":{"rendered":"<p>Aujourd&rsquo;hui, les Bordelais vont pouvoir profiter d&rsquo;un soleil magnifique. Les maximales iront jusqu&rsquo;\u00e0 37\u00b0C alors que les minimales seront de 18\u00b0C : c&rsquo;est donc un superbe \u00e9t\u00e9. Les grosses chaleurs sont pr\u00e9sentes. Avec des temp\u00e9ratures situ\u00e9es entre 21 et 33\u00b0C. Le matin, un vent de nord-est rafra\u00eechira quelque peu l&rsquo;atmosph\u00e8re. L&rsquo;air ambiant va se r\u00e9chauffer l&rsquo;apr\u00e8s-midi avec une hausse de plusieurs degr\u00e9s pour un \u00e9t\u00e9 chaud. Prenez garde \u00e0 la vague de chaleur. Des valeurs de 35 \u00e0 37\u00b0C sont pr\u00e9vues. La ville va conna\u00eetre, le soir, un passage d&rsquo;importantes chaleurs avec des temp\u00e9ratures qui atteindront parfois les 32\u00b0C. On s&rsquo;attend \u00e0 une nuit claire entre samedi et dimanche.<\/p>\n<p>C&rsquo;est un soleil radieux qui va se montrer demain sur Bordeaux. Une m\u00e9t\u00e9o plus chaude est pr\u00e9vue \u00e9tant donn\u00e9 que le mercure va enregistrer une augmentation, remplissant les terrasses d&rsquo;habitants et de vacanciers venus profiter de l&rsquo;\u00e9t\u00e9. Les valeurs \u00e9volueront entre 21 et 39\u2009\u00b0C. Les temp\u00e9ratures s&rsquo;\u00e9chelonneront entre 21 et 39\u00b0C, un temps vraiment de saison. Une l\u00e9g\u00e8re brise de nord-ouest sera ressentie par les habitants. L&rsquo;\u00e9pisode de fortes chaleurs est bien l\u00e0, avec des valeurs qui risqueront de monter \u00e0 37\u00b0C le matin. Demain apr\u00e8s-midi, c&rsquo;est une hausse de plusieurs degr\u00e9s que vont conna\u00eetre les temp\u00e9ratures pour un climat de plus en plus estival. La ville va souffrir des grosses chaleurs avec des temp\u00e9ratures qui pourraient grimper jusqu&rsquo;\u00e0 39\u00b0C. La soir\u00e9e va \u00eatre tr\u00e8s suffocante : pr\u00e8s de 35\u00b0C.<\/p>\n<p>Les jours suivants s&rsquo;annoncent identiques. On anticipe des journ\u00e9es ensoleill\u00e9es, accompagn\u00e9es par des temp\u00e9ratures dans les 41\u00b0C en moyenne.<\/p>\n<p>M\u00eame si l&rsquo;on peut aimer la chaleur, il ne faut cependant pas oublier de s&rsquo;en prot\u00e9ger et surtout rester vigilant vis-\u00e0-vis des personnes les plus vuln\u00e9rables. Une bonne hydratation et de la cr\u00e8me solaire sont n\u00e9cessaires face au soleil.<\/p>\n","protected":false},"excerpt":{"rendered":"Aujourd&rsquo;hui, les Bordelais vont pouvoir profiter d&rsquo;un soleil magnifique. Les maximales iront jusqu&rsquo;\u00e0 37\u00b0C alors que les minimales&hellip;\n","protected":false},"author":2,"featured_media":209515,"comment_status":"","ping_status":"","sticky":false,"template":"","format":"standard","meta":{"footnotes":""},"categories":[2817],"tags":[1111,11,3177,1997,1777,674,1011,27,2905,12,2219,2119,25],"class_list":{"0":"post-209514","1":"post","2":"type-post","3":"status-publish","4":"format-standard","5":"has-post-thumbnail","7":"category-bordeaux","8":"tag-actu","9":"tag-actualites","10":"tag-aquitaine","11":"tag-bordeaux","12":"tag-eu","13":"tag-europe","14":"tag-fr","15":"tag-france","16":"tag-gironde","17":"tag-news","18":"tag-nouvelle-aquitaine","19":"tag-previsions-meteo","20":"tag-republique-francaise"},"share_on_mastodon":{"url":"https:\/\/pubeurope.com\/@fr\/114757895761537835","error":""},"_links":{"self":[{"href":"https:\/\/www.europesays.com\/fr\/wp-json\/wp\/v2\/posts\/209514","targetHints":{"allow":["GET"]}}],"collection":[{"href":"https:\/\/www.europesays.com\/fr\/wp-json\/wp\/v2\/posts"}],"about":[{"href":"https:\/\/www.europesays.com\/fr\/wp-json\/wp\/v2\/types\/post"}],"author":[{"embeddable":true,"href":"https:\/\/www.europesays.com\/fr\/wp-json\/wp\/v2\/users\/2"}],"replies":[{"embeddable":true,"href":"https:\/\/www.europesays.com\/fr\/wp-json\/wp\/v2\/comments?post=209514"}],"version-history":[{"count":0,"href":"https:\/\/www.europesays.com\/fr\/wp-json\/wp\/v2\/posts\/209514\/revisions"}],"wp:featuredmedia":[{"embeddable":true,"href":"https:\/\/www.europesays.com\/fr\/wp-json\/wp\/v2\/media\/209515"}],"wp:attachment":[{"href":"https:\/\/www.europesays.com\/fr\/wp-json\/wp\/v2\/media?parent=209514"}],"wp:term":[{"taxonomy":"category","embeddable":true,"href":"https:\/\/www.europesays.com\/fr\/wp-json\/wp\/v2\/categories?post=209514"},{"taxonomy":"post_tag","embeddable":true,"href":"https:\/\/www.europesays.com\/fr\/wp-json\/wp\/v2\/tags?post=209514"}],"curies":[{"name":"wp","href":"https:\/\/api.w.org\/{rel}","templated":true}]}}