{"id":209516,"date":"2025-06-27T23:21:19","date_gmt":"2025-06-27T23:21:19","guid":{"rendered":"https:\/\/www.europesays.com\/fr\/209516\/"},"modified":"2025-06-27T23:21:19","modified_gmt":"2025-06-27T23:21:19","slug":"la-compo-face-a-toulouse-actualites-union-bordeaux-begles-ubb-rugby","status":"publish","type":"post","link":"https:\/\/www.europesays.com\/fr\/209516\/","title":{"rendered":"La compo face \u00e0 Toulouse &#8211; Actualit\u00e9s &#8211; Union Bordeaux B\u00e8gles (UBB Rugby)"},"content":{"rendered":"<p>                    La grande finale du TOP 14 face au Stade Toulousain se jouera demain \u00e0 21h05. Yannick Bru et son staff vous d\u00e9voilent la composition :<\/p>\n<p>Un seul et unique changement dans le XV de d\u00e9part de cette composition finale ! En effet, <strong>Louis Bielle-Biarrey<\/strong> d\u00e9butera \u00e0 l\u2019aile pour ce dernier choc de la saison.<br \/>Sur le banc, <strong>Sipili Falatea<\/strong> fait lui aussi son retour dans le groupe.<\/p>\n<p><img loading=\"lazy\" decoding=\"async\" src=\"https:\/\/www.europesays.com\/fr\/wp-content\/uploads\/2025\/06\/finale-top-14.png\" alt=\"\" width=\"1200\" height=\"120\"\/><\/p>\n","protected":false},"excerpt":{"rendered":"La grande finale du TOP 14 face au Stade Toulousain se jouera demain \u00e0 21h05. Yannick Bru et&hellip;\n","protected":false},"author":2,"featured_media":209517,"comment_status":"","ping_status":"","sticky":false,"template":"","format":"standard","meta":{"footnotes":""},"categories":[2817],"tags":[1111,47,11,4402,1997,4404,4401,4356,4400,4357,1983,1777,674,1011,27,1987,1114,2947,955,12,2219,4048,25,479,517,2858,478,4364,4403,1264],"class_list":{"0":"post-209516","1":"post","2":"type-post","3":"status-publish","4":"format-standard","5":"has-post-thumbnail","7":"category-bordeaux","8":"tag-actu","9":"tag-actualite","10":"tag-actualites","11":"tag-begles","12":"tag-bordeaux","13":"tag-chaban","14":"tag-challenge-cup","15":"tag-coronavirus","16":"tag-covid","17":"tag-covid-19","18":"tag-essai","19":"tag-eu","20":"tag-europe","21":"tag-fr","22":"tag-france","23":"tag-girondins","24":"tag-infos","25":"tag-lnr","26":"tag-match","27":"tag-news","28":"tag-nouvelle-aquitaine","29":"tag-presse","30":"tag-republique-francaise","31":"tag-rugby","32":"tag-sport","33":"tag-stade","34":"tag-top-14","35":"tag-ubb","36":"tag-union","37":"tag-victoire"},"share_on_mastodon":{"url":"https:\/\/pubeurope.com\/@fr\/114757899699989260","error":""},"_links":{"self":[{"href":"https:\/\/www.europesays.com\/fr\/wp-json\/wp\/v2\/posts\/209516","targetHints":{"allow":["GET"]}}],"collection":[{"href":"https:\/\/www.europesays.com\/fr\/wp-json\/wp\/v2\/posts"}],"about":[{"href":"https:\/\/www.europesays.com\/fr\/wp-json\/wp\/v2\/types\/post"}],"author":[{"embeddable":true,"href":"https:\/\/www.europesays.com\/fr\/wp-json\/wp\/v2\/users\/2"}],"replies":[{"embeddable":true,"href":"https:\/\/www.europesays.com\/fr\/wp-json\/wp\/v2\/comments?post=209516"}],"version-history":[{"count":0,"href":"https:\/\/www.europesays.com\/fr\/wp-json\/wp\/v2\/posts\/209516\/revisions"}],"wp:featuredmedia":[{"embeddable":true,"href":"https:\/\/www.europesays.com\/fr\/wp-json\/wp\/v2\/media\/209517"}],"wp:attachment":[{"href":"https:\/\/www.europesays.com\/fr\/wp-json\/wp\/v2\/media?parent=209516"}],"wp:term":[{"taxonomy":"category","embeddable":true,"href":"https:\/\/www.europesays.com\/fr\/wp-json\/wp\/v2\/categories?post=209516"},{"taxonomy":"post_tag","embeddable":true,"href":"https:\/\/www.europesays.com\/fr\/wp-json\/wp\/v2\/tags?post=209516"}],"curies":[{"name":"wp","href":"https:\/\/api.w.org\/{rel}","templated":true}]}}