{"id":209518,"date":"2025-06-27T23:22:09","date_gmt":"2025-06-27T23:22:09","guid":{"rendered":"https:\/\/www.europesays.com\/fr\/209518\/"},"modified":"2025-06-27T23:22:09","modified_gmt":"2025-06-27T23:22:09","slug":"la-moissonneuse-percute-un-poteau-electrique-et-provoque-incendie-et-coupure-de-courant-pres-de-toulouse","status":"publish","type":"post","link":"https:\/\/www.europesays.com\/fr\/209518\/","title":{"rendered":"La moissonneuse percute un poteau \u00e9lectrique et provoque incendie et coupure de courant pr\u00e8s de Toulouse"},"content":{"rendered":"<p>            Par<br \/>\n        <strong><br \/>\n            <a href=\"https:\/\/actu.fr\/auteur\/paul-2\" title=\"Consulter tous les articles de Paul Halbedel\" rel=\"nofollow noopener\" target=\"_blank\">Paul Halbedel<\/a><br \/>\n        <\/strong><\/p>\n<p>        Publi\u00e9 le<\/p>\n<p>            27 juin 2025 \u00e0 21h02        <\/p>\n<p>Les faits ont eu lieu peu avant 12\u2009h\u200930, ce vendredi 27\u00a0juin. <strong>Une moissonneuse a percut\u00e9 un poteau \u00e9lectrique<\/strong> \u00e0 <a href=\"https:\/\/actu.fr\/occitanie\/fourquevaux_31192\" rel=\"nofollow noopener\" target=\"_blank\">Fourquevaux<\/a>, un village situ\u00e9 \u00e0 une vingtaine de kilom\u00e8tres au sud-est de Toulouse. Avec des cons\u00e9quences pour le moins f\u00e2cheuses, m\u00eame si <strong>aucune victime n\u2019est \u00e0 d\u00e9plorer<\/strong>.<\/p>\n<p>    <a href=\"https:\/\/www.google.com\/maps\/embed?pb=!1m14!1m12!1m3!1d25749.245284264747!2d1.617956352113147!3d43.5023720529222!2m3!1f0!2f0!3f0!3m2!1i1024!2i768!4f13.1!5e0!3m2!1sfr!2sfr!4v1751049916445!5m2!1sfr!2sfr\" title=\"Ouvrie le lien\" rel=\"nofollow noopener\" target=\"_blank\">Cliquez ici pour visualiser le contenu<\/a><\/p>\n<p class=\" wall-content\">Cette collision a en effet occasionn\u00e9 un <strong>d\u00e9part de feu au niveau d\u2019un champ<\/strong>. \u00ab\u2009Moins d\u2019un hectare a br\u00fbl\u00e9\u2009\u00bb, indique la gendarmerie, tout en pr\u00e9cisant que \u00ab\u2009l\u2019incendie a \u00e9t\u00e9 vite ma\u00eetris\u00e9 par les secours\u2009\u00bb.<\/p>\n<p>Trois engins de secours d\u00e9ploy\u00e9s sur les lieux<\/p>\n<p class=\" wall-content\">Le Service d\u00e9partemental d\u2019incendie et de secours de la Haute-Garonne a en effet d\u00e9ploy\u00e9 <strong>trois engins de secours<\/strong> sur les lieux pour contrer la propagation de ce <strong>feu de chaume<\/strong>.<\/p>\n<p class=\" wall-content\">Lors de cette intervention, les pompiers indiquent \u00e0 <a href=\"https:\/\/actu.fr\/voix-du-midi-lauragais\/\" rel=\"nofollow noopener\" target=\"_blank\">Voix du Midi Lauragais<\/a> avoir d\u00fb assurer la <strong>protection d\u2019une maison<\/strong> qui aurait pu \u00eatre menac\u00e9e par les flammes en raison du vent.<\/p>\n<p>Vid\u00e9os : en ce moment sur ActuPlusieurs quartiers sans \u00e9lectricit\u00e9<\/p>\n<p class=\" wall-content\">L\u2019autre cons\u00e9quence de cet accident, c\u2019est une <strong>coupure d\u2019\u00e9lectricit\u00e9<\/strong> qui a touch\u00e9 plusieurs quartiers du village. <strong>\u00ab\u2009Elle a dur\u00e9 45\u00a0minutes\u2009\u00bb<\/strong>, renseigne la gendarmerie.<\/p>\n<p class=\" wall-content\">La mairie de Fourquevaux pr\u00e9cise que si <strong>Enedis<\/strong> a pu r\u00e9tablir la distribution d\u2019\u00e9lectricit\u00e9 dans la majeure partie de la commune, les secteurs<strong> \u00ab\u2009En Cantarel\u2009\u00bb<\/strong>, <strong>\u00ab\u2009La F\u00eale\u2009\u00bb<\/strong> et <strong>\u00ab\u2009L\u2019Herbe verte\u2009\u00bb<\/strong> ont d\u00fb patienter un peu plus longtemps avant d\u2019\u00eatre r\u00e9aliment\u00e9s.<\/p>\n<p class=\" wall-content\">Suivez toute l\u2019actualit\u00e9 de vos villes et m\u00e9dias favoris en vous inscrivant \u00e0 <a href=\"https:\/\/moncompte.actu.fr\" title=\"D\u00e9couvez Mon Actu\" rel=\"nofollow noopener\" data-trk=\"{&quot;cta&quot;:{&quot;action&quot;:&quot;https:\\\/\\\/moncompte.actu.fr&quot;,&quot;category&quot;:&quot;mon compte&quot;,&quot;from&quot;:&quot;article footer&quot;,&quot;name&quot;:&quot;Mon actu&quot;,&quot;type&quot;:&quot;cta&quot;}}\" target=\"_blank\">Mon Actu<\/a>.<\/p>\n","protected":false},"excerpt":{"rendered":"Par Paul Halbedel Publi\u00e9 le 27 juin 2025 \u00e0 21h02 Les faits ont eu lieu peu avant 12\u2009h\u200930,&hellip;\n","protected":false},"author":2,"featured_media":209519,"comment_status":"","ping_status":"","sticky":false,"template":"","format":"standard","meta":{"footnotes":""},"categories":[2816],"tags":[1111,11,1777,674,118,1011,27,3381,1310,12,2680,1311,25,2312],"class_list":{"0":"post-209518","1":"post","2":"type-post","3":"status-publish","4":"format-standard","5":"has-post-thumbnail","7":"category-toulouse","8":"tag-actu","9":"tag-actualites","10":"tag-eu","11":"tag-europe","12":"tag-faits-divers","13":"tag-fr","14":"tag-france","15":"tag-gendarmerie","16":"tag-incendie","17":"tag-news","18":"tag-occitanie","19":"tag-pompiers","20":"tag-republique-francaise","21":"tag-toulouse"},"share_on_mastodon":{"url":"https:\/\/pubeurope.com\/@fr\/114757903519663239","error":""},"_links":{"self":[{"href":"https:\/\/www.europesays.com\/fr\/wp-json\/wp\/v2\/posts\/209518","targetHints":{"allow":["GET"]}}],"collection":[{"href":"https:\/\/www.europesays.com\/fr\/wp-json\/wp\/v2\/posts"}],"about":[{"href":"https:\/\/www.europesays.com\/fr\/wp-json\/wp\/v2\/types\/post"}],"author":[{"embeddable":true,"href":"https:\/\/www.europesays.com\/fr\/wp-json\/wp\/v2\/users\/2"}],"replies":[{"embeddable":true,"href":"https:\/\/www.europesays.com\/fr\/wp-json\/wp\/v2\/comments?post=209518"}],"version-history":[{"count":0,"href":"https:\/\/www.europesays.com\/fr\/wp-json\/wp\/v2\/posts\/209518\/revisions"}],"wp:featuredmedia":[{"embeddable":true,"href":"https:\/\/www.europesays.com\/fr\/wp-json\/wp\/v2\/media\/209519"}],"wp:attachment":[{"href":"https:\/\/www.europesays.com\/fr\/wp-json\/wp\/v2\/media?parent=209518"}],"wp:term":[{"taxonomy":"category","embeddable":true,"href":"https:\/\/www.europesays.com\/fr\/wp-json\/wp\/v2\/categories?post=209518"},{"taxonomy":"post_tag","embeddable":true,"href":"https:\/\/www.europesays.com\/fr\/wp-json\/wp\/v2\/tags?post=209518"}],"curies":[{"name":"wp","href":"https:\/\/api.w.org\/{rel}","templated":true}]}}