{"id":209520,"date":"2025-06-27T23:23:09","date_gmt":"2025-06-27T23:23:09","guid":{"rendered":"https:\/\/www.europesays.com\/fr\/209520\/"},"modified":"2025-06-27T23:23:09","modified_gmt":"2025-06-27T23:23:09","slug":"previsions-du-samedi-28-juin-2025-6","status":"publish","type":"post","link":"https:\/\/www.europesays.com\/fr\/209520\/","title":{"rendered":"pr\u00e9visions du samedi 28 juin 2025"},"content":{"rendered":"<p>Le soleil sera au rendez-vous \u00e0 Toulouse : une belle journ\u00e9e se pr\u00e9sente ! L&rsquo;\u00e9t\u00e9 s&rsquo;est d\u00e9finitivement install\u00e9 puisque les temp\u00e9ratures s&rsquo;\u00e9chelonneront de 19 \u00e0 36\u00b0C. Un vent de nord-ouest soufflera un peu, avec 10 km\/h. Le matin, de tr\u00e8s grosses chaleurs (entre 22\u00b0C et 33\u00b0C) sont annonc\u00e9es. L&rsquo;\u00e9t\u00e9 prend ses quartiers ! Les temp\u00e9ratures vont monter pendant l&rsquo;apr\u00e8s-midi de plusieurs degr\u00e9s. La ville va p\u00e2tir d&rsquo;importantes chaleurs avec des valeurs qui pourraient grimper \u00e0 36\u00b0C. Les fortes chaleurs sont pr\u00e9sentes. Avec des temp\u00e9ratures comprises entre 28 et 35\u00b0C. Le passage de samedi \u00e0 dimanche s&rsquo;effectuera sous un ciel d\u00e9pourvu de nuages.<\/p>\n<p>C&rsquo;est un soleil \u00e9clatant qui va briller demain sur Toulouse. C&rsquo;est une hausse de quelques degr\u00e9s que vont enregistrer les temp\u00e9ratures pour un temps de plus en plus estival. L&rsquo;\u00e9pisode de grosses chaleurs est bien l\u00e0, avec des valeurs qui risqueront d&rsquo;aller jusqu&rsquo;\u00e0 39\u00b0C. Ce sera un bel \u00e9t\u00e9 : les temp\u00e9ratures afficheront entre 21 et 39\u00b0C. Un vent de nord-ouest rafra\u00eechira sensiblement l&rsquo;atmosph\u00e8re. Prenez garde \u00e0 la vague de chaud au cours de la matin\u00e9e. Des valeurs de 24 \u00e0 35\u00b0C sont pr\u00e9vues. Une m\u00e9t\u00e9o plus chaude est pr\u00e9vue demain apr\u00e8s-midi \u00e9tant donn\u00e9 que le mercure va conna\u00eetre une augmentation, remplissant les terrasses de r\u00e9sidents et de touristes venus profiter de l&rsquo;\u00e9t\u00e9. La ville va subir une vague d&rsquo;importantes chaleurs avec des temp\u00e9ratures qui atteindront parfois les 39\u00b0C. La soir\u00e9e va \u00eatre vraiment suffocante : pr\u00e8s de 37\u00b0C.<\/p>\n<p>Le temps restera stable les jours \u00e0 venir. Il va faire un temps relativement ensoleill\u00e9 avec des temp\u00e9ratures autour de 42\u00b0C.<\/p>\n<p>En cette p\u00e9riode de fortes chaleurs, il est essentiel de rester vigilant. Pensez \u00e0 bien vous hydrater et \u00e0 vous prot\u00e9ger des rayons du soleil. Pendant vos activit\u00e9s en ext\u00e9rieur, l&rsquo;\u00e9cran solaire est un indispensable pour \u00e9chapper aux coups de soleil !<\/p>\n","protected":false},"excerpt":{"rendered":"Le soleil sera au rendez-vous \u00e0 Toulouse : une belle journ\u00e9e se pr\u00e9sente ! L&rsquo;\u00e9t\u00e9 s&rsquo;est d\u00e9finitivement install\u00e9&hellip;\n","protected":false},"author":2,"featured_media":209521,"comment_status":"","ping_status":"","sticky":false,"template":"","format":"standard","meta":{"footnotes":""},"categories":[2816],"tags":[1111,11,1777,674,1011,27,2722,2721,12,2680,2119,25,2312],"class_list":{"0":"post-209520","1":"post","2":"type-post","3":"status-publish","4":"format-standard","5":"has-post-thumbnail","7":"category-toulouse","8":"tag-actu","9":"tag-actualites","10":"tag-eu","11":"tag-europe","12":"tag-fr","13":"tag-france","14":"tag-haute-garonne","15":"tag-midi-pyrenees","16":"tag-news","17":"tag-occitanie","18":"tag-previsions-meteo","19":"tag-republique-francaise","20":"tag-toulouse"},"share_on_mastodon":{"url":"https:\/\/pubeurope.com\/@fr\/114757907443606346","error":""},"_links":{"self":[{"href":"https:\/\/www.europesays.com\/fr\/wp-json\/wp\/v2\/posts\/209520","targetHints":{"allow":["GET"]}}],"collection":[{"href":"https:\/\/www.europesays.com\/fr\/wp-json\/wp\/v2\/posts"}],"about":[{"href":"https:\/\/www.europesays.com\/fr\/wp-json\/wp\/v2\/types\/post"}],"author":[{"embeddable":true,"href":"https:\/\/www.europesays.com\/fr\/wp-json\/wp\/v2\/users\/2"}],"replies":[{"embeddable":true,"href":"https:\/\/www.europesays.com\/fr\/wp-json\/wp\/v2\/comments?post=209520"}],"version-history":[{"count":0,"href":"https:\/\/www.europesays.com\/fr\/wp-json\/wp\/v2\/posts\/209520\/revisions"}],"wp:featuredmedia":[{"embeddable":true,"href":"https:\/\/www.europesays.com\/fr\/wp-json\/wp\/v2\/media\/209521"}],"wp:attachment":[{"href":"https:\/\/www.europesays.com\/fr\/wp-json\/wp\/v2\/media?parent=209520"}],"wp:term":[{"taxonomy":"category","embeddable":true,"href":"https:\/\/www.europesays.com\/fr\/wp-json\/wp\/v2\/categories?post=209520"},{"taxonomy":"post_tag","embeddable":true,"href":"https:\/\/www.europesays.com\/fr\/wp-json\/wp\/v2\/tags?post=209520"}],"curies":[{"name":"wp","href":"https:\/\/api.w.org\/{rel}","templated":true}]}}