{"id":209522,"date":"2025-06-27T23:24:09","date_gmt":"2025-06-27T23:24:09","guid":{"rendered":"https:\/\/www.europesays.com\/fr\/209522\/"},"modified":"2025-06-27T23:24:09","modified_gmt":"2025-06-27T23:24:09","slug":"previsions-du-samedi-28-juin-2025-7","status":"publish","type":"post","link":"https:\/\/www.europesays.com\/fr\/209522\/","title":{"rendered":"pr\u00e9visions du samedi 28 juin 2025"},"content":{"rendered":"<p>\u00c0 Lille, les temp\u00e9ratures avoisineront les 23\u00b0C dans la journ\u00e9e. Un vent d&rsquo;ouest soufflera doucement. Le ciel va quelque peu se d\u00e9gager dans la matin\u00e9e avec des \u00e9claircies. Les temp\u00e9ratures seront de 23\u00b0C. L&rsquo;apr\u00e8s-midi, un beau soleil brillera. Les temp\u00e9ratures vont grimper de plusieurs degr\u00e9s. Les maximales iront jusqu&rsquo;\u00e0 28\u00b0C alors que les minimales seront de 27\u00b0C. Durant votre sommeil, dans la nuit de samedi \u00e0 dimanche, le ciel sera clair.<\/p>\n<p>C&rsquo;est un soleil \u00e9clatant qui va se montrer demain sur Lille. La m\u00e9t\u00e9o va se r\u00e9chauffer avec une augmentation de quelques degr\u00e9s. La ville va conna\u00eetre une vague d&rsquo;importantes chaleurs avec des valeurs qui atteindront parfois les 30\u00b0C. Les temp\u00e9ratures s&rsquo;\u00e9chelonneront entre 17 et 30\u00b0C. Une petite brise de nord-ouest sera ressentie par les habitants. Il fera 24\u00b0C en moyenne le matin. Demain apr\u00e8s-midi, c&rsquo;est une hausse de plusieurs degr\u00e9s que vont conna\u00eetre les temp\u00e9ratures. La ville va p\u00e2tir des fortes chaleurs avec des valeurs qui devraient monter jusqu&rsquo;\u00e0 30\u00b0C. Les temp\u00e9ratures seront comprises entre 29\u00b0C et 30\u00b0C.<\/p>\n<p>La m\u00e9t\u00e9o restera stable les jours \u00e0 venir. Une m\u00e9t\u00e9o ensoleill\u00e9e, pour des temp\u00e9ratures de 35\u00b0C environ, est attendue.<\/p>\n<p><\/p>\n","protected":false},"excerpt":{"rendered":"\u00c0 Lille, les temp\u00e9ratures avoisineront les 23\u00b0C dans la journ\u00e9e. Un vent d&rsquo;ouest soufflera doucement. Le ciel va&hellip;\n","protected":false},"author":2,"featured_media":209523,"comment_status":"","ping_status":"","sticky":false,"template":"","format":"standard","meta":{"footnotes":""},"categories":[2815],"tags":[1111,11,1777,674,1011,27,811,1307,12,1308,1309,2119,25],"class_list":{"0":"post-209522","1":"post","2":"type-post","3":"status-publish","4":"format-standard","5":"has-post-thumbnail","7":"category-lille","8":"tag-actu","9":"tag-actualites","10":"tag-eu","11":"tag-europe","12":"tag-fr","13":"tag-france","14":"tag-hauts-de-france","15":"tag-lille","16":"tag-news","17":"tag-nord","18":"tag-nord-pas-de-calais","19":"tag-previsions-meteo","20":"tag-republique-francaise"},"share_on_mastodon":{"url":"https:\/\/pubeurope.com\/@fr\/114757911375487823","error":""},"_links":{"self":[{"href":"https:\/\/www.europesays.com\/fr\/wp-json\/wp\/v2\/posts\/209522","targetHints":{"allow":["GET"]}}],"collection":[{"href":"https:\/\/www.europesays.com\/fr\/wp-json\/wp\/v2\/posts"}],"about":[{"href":"https:\/\/www.europesays.com\/fr\/wp-json\/wp\/v2\/types\/post"}],"author":[{"embeddable":true,"href":"https:\/\/www.europesays.com\/fr\/wp-json\/wp\/v2\/users\/2"}],"replies":[{"embeddable":true,"href":"https:\/\/www.europesays.com\/fr\/wp-json\/wp\/v2\/comments?post=209522"}],"version-history":[{"count":0,"href":"https:\/\/www.europesays.com\/fr\/wp-json\/wp\/v2\/posts\/209522\/revisions"}],"wp:featuredmedia":[{"embeddable":true,"href":"https:\/\/www.europesays.com\/fr\/wp-json\/wp\/v2\/media\/209523"}],"wp:attachment":[{"href":"https:\/\/www.europesays.com\/fr\/wp-json\/wp\/v2\/media?parent=209522"}],"wp:term":[{"taxonomy":"category","embeddable":true,"href":"https:\/\/www.europesays.com\/fr\/wp-json\/wp\/v2\/categories?post=209522"},{"taxonomy":"post_tag","embeddable":true,"href":"https:\/\/www.europesays.com\/fr\/wp-json\/wp\/v2\/tags?post=209522"}],"curies":[{"name":"wp","href":"https:\/\/api.w.org\/{rel}","templated":true}]}}