{"id":209524,"date":"2025-06-27T23:25:10","date_gmt":"2025-06-27T23:25:10","guid":{"rendered":"https:\/\/www.europesays.com\/fr\/209524\/"},"modified":"2025-06-27T23:25:10","modified_gmt":"2025-06-27T23:25:10","slug":"attendu-a-lille-olivier-giroud-quitte-le-los-angeles-fc-2","status":"publish","type":"post","link":"https:\/\/www.europesays.com\/fr\/209524\/","title":{"rendered":"attendu \u00e0 Lille, Olivier Giroud quitte le Los Angeles FC"},"content":{"rendered":"<p class=\"mb-4 text-lg md:leading-8 break-words\">Le Los Angeles FC a annonc\u00e9 vendredi le d\u00e9part de son attaquant fran\u00e7ais Olivier Giroud, ouvrant la voie \u00e0 sa probable arriv\u00e9e \u00e0 Lille qui, selon plusieurs m\u00e9dias, est en contacts avanc\u00e9s avec le meilleur buteur de l&rsquo;histoire des Bleus.<\/p>\n<p class=\"mb-4 text-lg md:leading-8 break-words\">Le Losc est-il en passe de r\u00e9ussir un des gros coups du mercato estival en Ligue 1 ? Une premi\u00e8re \u00e9tape a en tout cas \u00e9t\u00e9 franchie.<\/p>\n<p class=\"mb-4 text-lg md:leading-8 break-words\">\u00ab\u00a0Le LAFC et l&rsquo;attaquant Olivier Giroud ont d\u00e9cid\u00e9 d&rsquo;un commun accord de se s\u00e9parer (&#8230;). Le dernier match de Giroud en tant que membre du LAFC aura lieu le dimanche 29 juin\u00a0\u00bb contre Vancouver, a \u00e9crit le club californien sur son site internet.<\/p>\n<p class=\"mb-4 text-lg md:leading-8 break-words\">Giroud (38 ans) avait rejoint la cit\u00e9 des anges en 2024 apr\u00e8s avoir pass\u00e9 trois saisons \u00e0 l&rsquo;AC Milan.<\/p>\n<p class=\"mb-4 text-lg md:leading-8 break-words\">L&rsquo;homme aux 57 buts en \u00e9quipe de France (137 s\u00e9lections) avait alors effectu\u00e9 ses adieux en s\u00e9lection \u00e0 l&rsquo;issue de l&rsquo;Euro organis\u00e9 en Allemagne et semblait devoir terminer sa carri\u00e8re aux \u00c9tats-Unis, aux c\u00f4t\u00e9s de l&rsquo;ex-gardien et capitaine de l&rsquo;\u00e9quipe de France Hugo Lloris.<\/p>\n<p class=\"mb-4 text-lg md:leading-8 break-words\">Mais le bilan du champion du monde 2018 n&rsquo;a pas \u00e9t\u00e9 tr\u00e8s fameux sous les couleurs du club californien, avec lequel il n&rsquo;a inscrit que trois buts en saison r\u00e9guli\u00e8re de MLS (Major League Soccer), la ligue nord-am\u00e9ricaine.<\/p>\n<p class=\"mb-4 text-lg md:leading-8 break-words\">Selon plusieurs m\u00e9dias, l&rsquo;ancien joueur de Montpellier, d&rsquo;Arsenal, de Chelsea et du Milan AC est depuis plusieurs jours en contacts avec Lille. Le club nordiste trouverait ainsi un rempla\u00e7ant \u00e0 Jonathan David, son buteur providentiel ces cinq derni\u00e8res saisons, parti cet \u00e9t\u00e9 au terme de son contrat.<\/p>\n<p class=\"mb-4 text-lg md:leading-8 break-words\">&#8211; Pogba et Giroud en Ligue 1 ?\u00a0&#8211;<\/p>\n<p class=\"mb-4 text-lg md:leading-8 break-words\">Il apporterait \u00e9galement son exp\u00e9rience \u00e0 un club qui en a souvent manqu\u00e9 dans les grands rendez-vous, passant \u00e0 c\u00f4t\u00e9 d&rsquo;une premi\u00e8re qualification pour les quarts de finale de la Ligue des champions\u00a0qui lui tendait les bras au printemps, par exemple.<\/p>\n<p class=\"mb-4 text-lg md:leading-8 break-words\">Rien ne dit toutefois que Giroud, au cr\u00e9puscule de sa carri\u00e8re, serait, s&rsquo;il venait \u00e0 signer, le buteur attitr\u00e9 des Dogues, qui doivent encore recruter \u00e0 ce poste. Mais m\u00eame dans un r\u00f4le de rempla\u00e7ant, sa pr\u00e9sence pourrait \u00eatre b\u00e9n\u00e9fique \u00e0 un groupe qui a manqu\u00e9 de leaders, \u00e0 l&rsquo;exception de son capitaine Benjamin Andr\u00e9, et qui a pour objectif de retourner en Ligue des champions au terme de la saison prochaine.<\/p>\n<p class=\"mb-4 text-lg md:leading-8 break-words\">S&rsquo;il signe au Losc, Giroud, \u00e9galement vainqueur de la Ligue des nations avec les Bleus en 2021, pourrait \u00eatre le deuxi\u00e8me glorieux rescap\u00e9 de l&rsquo;\u00e9pop\u00e9e des Bleus \u00e0 la Coupe du monde 2018 \u00e0 revenir en France cet \u00e9t\u00e9 puisque Paul Pogba devrait tr\u00e8s bient\u00f4t s&rsquo;engager avec l&rsquo;AS Monaco.<\/p>\n<p class=\"mb-4 text-lg md:leading-8 break-words\">Mais il ne retrouverait pas son ancien co\u00e9quipier Samuel Umtiti, autre taulier des Bleus lors de leur campagne de Russie, qui a quitt\u00e9 Lille \u00e0 l&rsquo;issue de la saison \u00e9coul\u00e9e, sans jamais s&rsquo;y \u00eatre impos\u00e9 \u00e0 cause de blessures \u00e0 r\u00e9p\u00e9tition.<\/p>\n<p class=\"mb-4 text-lg md:leading-8 break-words\">Parti de France en juillet 2012 apr\u00e8s avoir gagn\u00e9 le titre, \u00e0 la surprise g\u00e9n\u00e9rale, avec Montpellier, Giroud retrouverait la Ligue 1 treize ans plus tard et se rapprocherait aussi de Londres, o\u00f9 il a pass\u00e9 ses plus belles ann\u00e9es en club, \u00e0 Arsenal (2012-2018) puis Chelsea (2018-2021).<\/p>\n<p class=\"mb-4 text-lg md:leading-8 break-words\">Son recrutement dans la capitale des Flandres serait le deuxi\u00e8me de ce mercato estival, apr\u00e8s celui de l&rsquo;ailier international Espoirs norv\u00e9gien Marius Broholm, venu compenser le d\u00e9part attendu d&rsquo;Edon Zhegrova.<\/p>\n<p class=\"mb-4 text-lg md:leading-8 break-words\">rbo-kn\/hpa<\/p>\n","protected":false},"excerpt":{"rendered":"Le Los Angeles FC a annonc\u00e9 vendredi le d\u00e9part de son attaquant fran\u00e7ais Olivier Giroud, ouvrant la voie&hellip;\n","protected":false},"author":2,"featured_media":209525,"comment_status":"","ping_status":"","sticky":false,"template":"","format":"standard","meta":{"footnotes":""},"categories":[2815],"tags":[1111,11,34851,18013,64,1777,674,19651,1011,27,811,8094,1307,34418,2267,8628,967,3127,2208,12,5959,22695,25,34852,15552,34853],"class_list":{"0":"post-209524","1":"post","2":"type-post","3":"status-publish","4":"format-standard","5":"has-post-thumbnail","7":"category-lille","8":"tag-actu","9":"tag-actualites","10":"tag-club-america","11":"tag-coupe-du-monde-2018","12":"tag-equipe-de-france","13":"tag-eu","14":"tag-europe","15":"tag-finale-de-la-ligue-des-champions","16":"tag-fr","17":"tag-france","18":"tag-hauts-de-france","19":"tag-jonathan-david","20":"tag-lille","21":"tag-los-angeles-fc","22":"tag-losc","23":"tag-milan","24":"tag-milan-ac","25":"tag-monaco","26":"tag-montpellier","27":"tag-news","28":"tag-olivier-giroud","29":"tag-pogba","30":"tag-republique-francaise","31":"tag-samuel-umtiti","32":"tag-vancouver","33":"tag-zhegrova"},"share_on_mastodon":{"url":"https:\/\/pubeurope.com\/@fr\/114757915311491505","error":""},"_links":{"self":[{"href":"https:\/\/www.europesays.com\/fr\/wp-json\/wp\/v2\/posts\/209524","targetHints":{"allow":["GET"]}}],"collection":[{"href":"https:\/\/www.europesays.com\/fr\/wp-json\/wp\/v2\/posts"}],"about":[{"href":"https:\/\/www.europesays.com\/fr\/wp-json\/wp\/v2\/types\/post"}],"author":[{"embeddable":true,"href":"https:\/\/www.europesays.com\/fr\/wp-json\/wp\/v2\/users\/2"}],"replies":[{"embeddable":true,"href":"https:\/\/www.europesays.com\/fr\/wp-json\/wp\/v2\/comments?post=209524"}],"version-history":[{"count":0,"href":"https:\/\/www.europesays.com\/fr\/wp-json\/wp\/v2\/posts\/209524\/revisions"}],"wp:featuredmedia":[{"embeddable":true,"href":"https:\/\/www.europesays.com\/fr\/wp-json\/wp\/v2\/media\/209525"}],"wp:attachment":[{"href":"https:\/\/www.europesays.com\/fr\/wp-json\/wp\/v2\/media?parent=209524"}],"wp:term":[{"taxonomy":"category","embeddable":true,"href":"https:\/\/www.europesays.com\/fr\/wp-json\/wp\/v2\/categories?post=209524"},{"taxonomy":"post_tag","embeddable":true,"href":"https:\/\/www.europesays.com\/fr\/wp-json\/wp\/v2\/tags?post=209524"}],"curies":[{"name":"wp","href":"https:\/\/api.w.org\/{rel}","templated":true}]}}