{"id":209532,"date":"2025-06-27T23:29:21","date_gmt":"2025-06-27T23:29:21","guid":{"rendered":"https:\/\/www.europesays.com\/fr\/209532\/"},"modified":"2025-06-27T23:29:21","modified_gmt":"2025-06-27T23:29:21","slug":"malgre-les-critiques-le-sens-unique-perennise-sur-lavenue-rockefeller","status":"publish","type":"post","link":"https:\/\/www.europesays.com\/fr\/209532\/","title":{"rendered":"malgr\u00e9 les critiques, le sens unique p\u00e9rennis\u00e9 sur l&rsquo;avenue Rockefeller"},"content":{"rendered":"<p>Apr\u00e8s une exp\u00e9rimentation lanc\u00e9e en novembre, la m\u00e9tropole de Lyon a confirm\u00e9 que l&rsquo;avenue Rockefeller restera en sens unique, ce vendredi 27 juin. Une d\u00e9cision qui agace certains riverains, tout comme le maire de Bron.<\/p>\n<p>L&rsquo;<a href=\"https:\/\/www.bfmtv.com\/lyon\/lyon-l-avenue-rockefeller-a-sens-unique-pour-les-huit-prochains-mois_AV-202410210417.html\" title=\"Lyon: l&#039;avenue Rockefeller \u00e0 sens unique pour les huit prochains mois\" class=\"internal_link\" target=\"_blank\" rel=\"noopener\">avenue Rockefeller<\/a> restera en sens unique. Apr\u00e8s plusieurs mois d&rsquo;exp\u00e9rimentation, la m\u00e9tropole lyonnaise a confirm\u00e9 l&rsquo;information ce vendredi 27 juin. Les usagers de la route devront donc s&rsquo;habituer au panneau sens interdit install\u00e9 sur cet axe qui est le principal reliant Bron \u00e0 Lyon.<\/p>\n<p>Cet am\u00e9nagement s&rsquo;inscrit dans la mise en place de la voie lyonnaise 12, qui devrait s&rsquo;\u00e9tendre sur 10.6 km. Celle-ci \u00ab\u00a0doit permettre aux cyclistes de traverser Lyon d&rsquo;Ouest en Est depuis Valmy dans le 9\u00e8me jusqu&rsquo;\u00e0 l&rsquo;entr\u00e9e de Bron au giratoire de la Boutasse\u00a0\u00bb, d&rsquo;apr\u00e8s la m\u00e9tropole.<\/p>\n<p>Un h\u00f4pital dans la zone<\/p>\n<p>Sur l&rsquo;avenue Rockefeller, dans le 8e arrondissement de Lyon, les automobilistes peuvent uniquement circuler dans le sens Bron-Lyon. Dans <a href=\"https:\/\/www.bfmtv.com\/lyon\/lyon-l-avenue-rockefeller-desormais-partiellement-a-sens-unique-une-mesure-pas-respectee-par-tous-les-automobilistes_AV-202410240864.html\" title=\"Lyon: l&#039;avenue Rockefeller d\u00e9sormais partiellement \u00e0 sens unique, une mesure pas respect\u00e9e par tous les automobilistes\" class=\"internal_link\" target=\"_blank\" rel=\"noopener\">le sens inverse<\/a>, la voie est r\u00e9serv\u00e9e aux v\u00e9los. Une d\u00e9cision \u00ab\u00a0assez catastrophique\u00a0\u00bb selon Rayan, habitant du quartier.<\/p>\n<p>\u00ab\u00a0Finalement, plus personne ne peut circuler librement, c&rsquo;est souvent embouteill\u00e9\u00a0\u00bb, ajoute-t-il au micro de BFM Lyon.<\/p>\n<blockquote class=\"embed embed_quote\"><p>Pour Nicolas, lui aussi habitant du 8e arrondissement, \u00ab\u00a0c&rsquo;est une tr\u00e8s bonne id\u00e9e de mettre du v\u00e9lo s\u00e9par\u00e9 des voitures\u00a0\u00bb. Le quadrag\u00e9naire estime cependant que la zone n&rsquo;est \u00ab\u00a0pas adapt\u00e9e, car il y a beaucoup de gens qui viennent \u00e0 l&rsquo;h\u00f4pital avec leur famille en voiture\u00a0\u00bb.<\/p><\/blockquote>\n<p>L&rsquo;h\u00f4pital Edouard Herriot, situ\u00e9 sur la place d&rsquo;Arsonval, est en effet desservi par l&rsquo;avenue Rockefeller. Pour Nicolas, \u00ab\u00a0il faut garder cette voie et la possibilit\u00e9 de se garer\u00a0\u00bb. Son de cloche diff\u00e9rent du c\u00f4t\u00e9 des cyclistes interrog\u00e9s, comme Ma\u00e9.<\/p>\n<p>\u00ab\u00a0C&rsquo;est vraiment cool, avant je prenais cet endroit tous les jours. On \u00e9tait oblig\u00e9 de passer par les trottoirs, avec les pi\u00e9tons. Il fallait ralentir, il y avait des sorties de voitures&#8230; L\u00e0 c&rsquo;est vraiment agr\u00e9able\u00a0\u00bb, assure-t-elle au micro de BFM Lyon.<\/p>\n<p>Le maire de Bron assure que sa ville est \u00ab\u00a0asphyxi\u00e9e\u00a0\u00bb<\/p>\n<p>La m\u00e9tropole de Lyon assure de son c\u00f4t\u00e9 que la construction de la voie lyonnaise permet d&rsquo;assurer une meilleure s\u00e9curit\u00e9 pour les cyclistes, comme l&rsquo;explique Fabien Bagnon, vice-pr\u00e9sident d\u00e9l\u00e9gu\u00e9 \u00e0 la Voirie et aux mobilit\u00e9s actives.<\/p>\n<blockquote class=\"embed embed_quote\"><p>\u00ab\u00a0On a des cyclistes qui ont enfin un espace r\u00e9serv\u00e9, qui ne seront plus sur les trottoirs\u00a0\u00bb, avance-t-il. Fabien Bagnon fait \u00e9tat d&rsquo;une augmentation \u00ab\u00a0tr\u00e8s significative\u00a0\u00bb des \u00ab\u00a0flux cyclistes\u00a0\u00bb, avec une multiplication par 10 de la circulation cyclable \u00ab\u00a0sur le carrefour Rockefeller-Roosevelt\u00a0\u00bb.<\/p><\/blockquote>\n<p>La d\u00e9cision a provoqu\u00e9 le courroux de J\u00e9r\u00e9mie Br\u00e9aud, maire (LR) de Bron, dont la ville subit un report de circulation. \u00ab\u00a0On va droit dans le mur\u00a0\u00bb, d\u00e9plore ce dernier aupr\u00e8s de BFM Lyon.<\/p>\n<p>D&rsquo;apr\u00e8s l&rsquo;\u00e9dile, la voie est \u00ab\u00a0accidentog\u00e8ne\u00a0\u00bb et \u00ab\u00a0cr\u00e9e des embouteillages monstres\u00a0\u00bb. Avec cet am\u00e9nagement, \u00ab\u00a0la ville de Bron est asphyxi\u00e9e\u00a0\u00bb selon lui. La fin des travaux de r\u00e9am\u00e9nagement de l&rsquo;avenue Rockefeller est pr\u00e9vue pour le mois d&rsquo;octobre 2025.<\/p>\n<p>Aliz\u00e9 Lorion avec Mathias Fleury<\/p>\n","protected":false},"excerpt":{"rendered":"Apr\u00e8s une exp\u00e9rimentation lanc\u00e9e en novembre, la m\u00e9tropole de Lyon a confirm\u00e9 que l&rsquo;avenue Rockefeller restera en sens&hellip;\n","protected":false},"author":2,"featured_media":209533,"comment_status":"","ping_status":"","sticky":false,"template":"","format":"standard","meta":{"footnotes":""},"categories":[1889],"tags":[1111,11,2430,1777,674,1011,27,2428,12,25],"class_list":{"0":"post-209532","1":"post","2":"type-post","3":"status-publish","4":"format-standard","5":"has-post-thumbnail","7":"category-lyon","8":"tag-actu","9":"tag-actualites","10":"tag-auvergne-rhone-alpes","11":"tag-eu","12":"tag-europe","13":"tag-fr","14":"tag-france","15":"tag-lyon","16":"tag-news","17":"tag-republique-francaise"},"share_on_mastodon":{"url":"https:\/\/pubeurope.com\/@fr\/114757931107248739","error":""},"_links":{"self":[{"href":"https:\/\/www.europesays.com\/fr\/wp-json\/wp\/v2\/posts\/209532","targetHints":{"allow":["GET"]}}],"collection":[{"href":"https:\/\/www.europesays.com\/fr\/wp-json\/wp\/v2\/posts"}],"about":[{"href":"https:\/\/www.europesays.com\/fr\/wp-json\/wp\/v2\/types\/post"}],"author":[{"embeddable":true,"href":"https:\/\/www.europesays.com\/fr\/wp-json\/wp\/v2\/users\/2"}],"replies":[{"embeddable":true,"href":"https:\/\/www.europesays.com\/fr\/wp-json\/wp\/v2\/comments?post=209532"}],"version-history":[{"count":0,"href":"https:\/\/www.europesays.com\/fr\/wp-json\/wp\/v2\/posts\/209532\/revisions"}],"wp:featuredmedia":[{"embeddable":true,"href":"https:\/\/www.europesays.com\/fr\/wp-json\/wp\/v2\/media\/209533"}],"wp:attachment":[{"href":"https:\/\/www.europesays.com\/fr\/wp-json\/wp\/v2\/media?parent=209532"}],"wp:term":[{"taxonomy":"category","embeddable":true,"href":"https:\/\/www.europesays.com\/fr\/wp-json\/wp\/v2\/categories?post=209532"},{"taxonomy":"post_tag","embeddable":true,"href":"https:\/\/www.europesays.com\/fr\/wp-json\/wp\/v2\/tags?post=209532"}],"curies":[{"name":"wp","href":"https:\/\/api.w.org\/{rel}","templated":true}]}}