{"id":209540,"date":"2025-06-27T23:34:20","date_gmt":"2025-06-27T23:34:20","guid":{"rendered":"https:\/\/www.europesays.com\/fr\/209540\/"},"modified":"2025-06-27T23:34:20","modified_gmt":"2025-06-27T23:34:20","slug":"cest-une-denree-rare-cinq-fois-plus-econome-en-eau-une-nouvelle-lance-pour-les-pompiers-de-paris","status":"publish","type":"post","link":"https:\/\/www.europesays.com\/fr\/209540\/","title":{"rendered":"\u00ab C\u2019est une denr\u00e9e rare \u00bb : cinq fois plus \u00e9conome en eau, une nouvelle lance pour les pompiers de Paris"},"content":{"rendered":"<p class=\"paragraph text_align_left lp-f-body-02\">Les d\u00e9g\u00e2ts des eaux, la d\u00e9gradation des biens personnels dans les appartements et les centaines et centaines de litres d\u2019eaux qui s\u2019\u00e9coulent lors des interventions <a href=\"https:\/\/www.leparisien.fr\/essonne-91\/impressionnant-incendie-dans-une-decharge-sauvage-pres-de-lhippodrome-de-ris-orangis-26-06-2025-C3S66I7NWREOVIJ5SIIWIVTCZU.php\" target=\"_self\" rel=\"noopener\">incendies<\/a>\u2026 Les sapeurs-pompiers de <a href=\"https:\/\/www.leparisien.fr\/paris-75\/\" target=\"_self\" rel=\"noopener\">Paris<\/a> esp\u00e8rent \u00e9viter tout cela gr\u00e2ce \u00e0 leur nouvel appareil : le nouveau premier secours 6e g\u00e9n\u00e9ration (PS6G). Le premier exemplaire de cette nouvelle s\u00e9rie d\u2019engins a \u00e9t\u00e9 pr\u00e9sent\u00e9 par la brigade <a href=\"https:\/\/www.leparisien.fr\/paris-75\/paris-130-pompiers-mobilises-pour-un-incendie-spectaculaire-a-lecole-militaire-25-05-2025-NV3NK4LPX5FPPORI5LGTZQHT5A.php\" target=\"_self\" rel=\"noopener\">des sapeurs-pompiers de Paris <\/a>(BSPP) ce jeudi 26 juin.<\/p>\n<p class=\"paragraph text_align_left lp-f-body-02\">Sa particularit\u00e9 ? Sa lance, dot\u00e9e d\u2019une technologie innovante : le syst\u00e8me diphasique, compos\u00e9 de beaucoup d\u2019air et de tr\u00e8s peu d\u2019eau. Dans le d\u00e9tail, une pression pneumatique permet la fragmentation d\u2019une goutte d\u2019eau en des milliards de gouttelettes projet\u00e9es \u00e0 tr\u00e8s grande vitesse, formant ainsi un brouillard humide atteignant rapidement et pr\u00e9cis\u00e9ment sa cible.<\/p>\n<p>Des immenses \u00e9conomies d\u2019eau<\/p>\n<p class=\"paragraph text_align_left lp-f-body-02\">\u00ab C\u2019est une innovation r\u00e9volutionnaire, se r\u00e9jouit Laurent Nu\u00f1ez, pr\u00e9fet de police de Paris. Elle r\u00e9pond \u00e0 un enjeu environnemental majeur en consommant cinq \u00e0 six fois moins d\u2019eau qu\u2019une lance traditionnelle \u00bb. Le nouvel engin d\u00e9verse en effet entre 50 \u00e0 100 litres d\u2019eau par minute contre 400 voire, 3 000 pour les mod\u00e8les les plus anciens.<\/p>\n<p><img decoding=\"async\" class=\"image \" loading=\"lazy\" src=\"https:\/\/www.europesays.com\/fr\/wp-content\/uploads\/2025\/06\/4RTCMQ2K6BDBXODEA6LEVMUJGM.jpg\" alt=\"52 v\u00e9hicules doivent \u00eatre \u00e9quip\u00e9s de cette lance, \u00e0 Paris et dans sa petite couronne. LP\/Juliette Rousset\" align=\"\" data-rubrique-principale=\"\" data-article-type=\"\" fetchpriority=\"auto\"\/>52 v\u00e9hicules doivent \u00eatre \u00e9quip\u00e9s de cette lance, \u00e0 Paris et dans sa petite couronne. LP\/Juliette Rousset<\/p>\n<p class=\"paragraph text_align_left lp-f-body-02\">\u00ab Avant, on g\u00e9rait un incendie en pensant que c\u2019est la quantit\u00e9 d\u2019eau qui faisait \u00e9teindre le feu. Aujourd\u2019hui l\u2019eau est une denr\u00e9e rare, on r\u00e9fl\u00e9chit \u00e0 comment mieux l\u2019utiliser \u00bb, indique le colonel Fabian Testa, qui a \u00e9t\u00e9 l\u2019un des porteurs du projet et qui pointe d\u2019autres inconv\u00e9nients au pr\u00e9cieux liquide. \u00ab L\u2019eau co\u00fbte plusieurs milliards d\u2019euros tous les ans, et les lances remplies peuvent \u00eatre tr\u00e8s lourdes \u00e0 porter pour les pompiers \u00bb ajoute-t-il.<\/p>\n<p>Plus de s\u00e9curit\u00e9 et moins de d\u00e9g\u00e2ts<\/p>\n<p class=\"paragraph text_align_left lp-f-body-02\">Au-del\u00e0 de l\u2019enjeu environnemental, la s\u00e9curit\u00e9 est primordiale. Sur ce point, la nouvelle lance permet de mieux prot\u00e9ger les sapeurs-pompiers et les victimes. \u00ab Gr\u00e2ce au brouillard, la temp\u00e9rature d\u2019un appartement en feu pourra descendre \u00e0 50 \u00b0C, ce qui permet aux sapeurs-pompiers d\u2019entrer dans le lieu sans ressentir la chaleur \u00bb, informe le g\u00e9n\u00e9ral de division Arnaud de Cacqueray, commandant la brigade.<\/p>\n<p class=\"paragraph text_align_left lp-f-body-02\">\u00ab J\u2019ai h\u00e2te de la tester car cette nouvelle lance permettra un abaissement de la temp\u00e9rature plus efficace qui permettra plus de s\u00e9curit\u00e9 \u00bb, s\u2019enthousiasme Cl\u00e9ment, sapeur-pompier et conducteur d\u2019engin.<\/p>\n<p>Moins de d\u00e9g\u00e2ts<\/p>\n<p class=\"paragraph text_align_left lp-f-body-02\">Ce brouillard permettra \u00e9galement de coller, apr\u00e8s l\u2019extinction du feu, les particules toxiques au sol, garantissant une meilleure protection de la sant\u00e9 pour les sapeurs-pompiers r\u00e9guli\u00e8rement expos\u00e9s. \u00c9vitant l\u2019eau de ruissellement, la lance diphasique doit occasionner moins de d\u00e9g\u00e2ts mat\u00e9riels et permettre de prot\u00e9ger les biens personnels des victimes, les milieux prot\u00e9g\u00e9s et d\u2019\u00e9pargner par exemple une pi\u00e8ce remplie d\u2019ordinateurs.<\/p>\n<p class=\"paragraph text_align_left lp-f-body-02\">Cette lance, conceptualis\u00e9e d\u00e8s 2017, avait d\u00e9j\u00e0 \u00e9t\u00e9 install\u00e9e sur quelques engins mais le nouveau premier secours 6e g\u00e9n\u00e9ration a \u00e9t\u00e9 pens\u00e9 expr\u00e8s pour en \u00eatre \u00e9quip\u00e9. Cinquante-deux v\u00e9hicules vont \u00eatre mis \u00e0 disposition \u00e0 Paris et dans les trois d\u00e9partements de la petite couronne sur les cinq prochaines ann\u00e9es \u00e0 venir.<\/p>\n","protected":false},"excerpt":{"rendered":"Les d\u00e9g\u00e2ts des eaux, la d\u00e9gradation des biens personnels dans les appartements et les centaines et centaines de&hellip;\n","protected":false},"author":2,"featured_media":209541,"comment_status":"","ping_status":"","sticky":false,"template":"","format":"standard","meta":{"footnotes":""},"categories":[1888],"tags":[11,1777,674,1011,27,1944,12,626,25],"class_list":{"0":"post-209540","1":"post","2":"type-post","3":"status-publish","4":"format-standard","5":"has-post-thumbnail","7":"category-paris","8":"tag-actualites","9":"tag-eu","10":"tag-europe","11":"tag-fr","12":"tag-france","13":"tag-ma-ville","14":"tag-news","15":"tag-paris","16":"tag-republique-francaise"},"share_on_mastodon":{"url":"https:\/\/pubeurope.com\/@fr\/114757950797171636","error":""},"_links":{"self":[{"href":"https:\/\/www.europesays.com\/fr\/wp-json\/wp\/v2\/posts\/209540","targetHints":{"allow":["GET"]}}],"collection":[{"href":"https:\/\/www.europesays.com\/fr\/wp-json\/wp\/v2\/posts"}],"about":[{"href":"https:\/\/www.europesays.com\/fr\/wp-json\/wp\/v2\/types\/post"}],"author":[{"embeddable":true,"href":"https:\/\/www.europesays.com\/fr\/wp-json\/wp\/v2\/users\/2"}],"replies":[{"embeddable":true,"href":"https:\/\/www.europesays.com\/fr\/wp-json\/wp\/v2\/comments?post=209540"}],"version-history":[{"count":0,"href":"https:\/\/www.europesays.com\/fr\/wp-json\/wp\/v2\/posts\/209540\/revisions"}],"wp:featuredmedia":[{"embeddable":true,"href":"https:\/\/www.europesays.com\/fr\/wp-json\/wp\/v2\/media\/209541"}],"wp:attachment":[{"href":"https:\/\/www.europesays.com\/fr\/wp-json\/wp\/v2\/media?parent=209540"}],"wp:term":[{"taxonomy":"category","embeddable":true,"href":"https:\/\/www.europesays.com\/fr\/wp-json\/wp\/v2\/categories?post=209540"},{"taxonomy":"post_tag","embeddable":true,"href":"https:\/\/www.europesays.com\/fr\/wp-json\/wp\/v2\/tags?post=209540"}],"curies":[{"name":"wp","href":"https:\/\/api.w.org\/{rel}","templated":true}]}}