{"id":209542,"date":"2025-06-27T23:35:13","date_gmt":"2025-06-27T23:35:13","guid":{"rendered":"https:\/\/www.europesays.com\/fr\/209542\/"},"modified":"2025-06-27T23:35:13","modified_gmt":"2025-06-27T23:35:13","slug":"paris-sport-dimanches-des-randonnees-estivales-a-paris-entre-le-13-juillet-et-le-21-septembre-2025","status":"publish","type":"post","link":"https:\/\/www.europesays.com\/fr\/209542\/","title":{"rendered":"Paris Sport Dimanches : des randonn\u00e9es estivales \u00e0 Paris entre le 13 juillet et le 21 septembre 2025"},"content":{"rendered":"<p><a href=\"https:\/\/www.paris.fr\/pages\/des-cours-collectifs-gratuits-avec-paris-sport-dimanche-6759\" target=\"_blank\" rel=\"noopener nofollow\"><strong>Paris Sport Dimanches<\/strong><\/a>, c&rsquo;est tout l&rsquo;\u00e9t\u00e9 l&rsquo;occasion de pratiquer du sport gratuitement en ext\u00e9rieur, les dimanches matin, \u00e0 10h, dans les 4 coins de Paris.\u00a0<\/p>\n<p><strong>Les randonn\u00e9es<\/strong><\/p>\n<p>Dans le cadre de Paris Sport Dimanches en partenariat avec la ville de Paris, le Comit\u00e9 <a href=\"https:\/\/www.rando-paris.org\/\" target=\"_blank\" rel=\"noopener nofollow\">FFRandonn\u00e9e \u00a0Paris<\/a> organise 5 randonn\u00e9es \u00e0 allure l\u00e9g\u00e8rement sportive (4 km \/heure) d\u2019environ 7 \u00e0 8 km chacune. \u00a0\u00a0 \u00a0<\/p>\n<p>Toujours un dimanche et d\u00e9part 10h &gt;&gt; arriv\u00e9e 12h30. \u00a0<\/p>\n<p>Randonn\u00e9es gratuites et inscriptions obligatoires. \u00a0\u00a0 \u00a0<\/p>\n<p>Cinq dates \u00e0 retenir dans vos agendas pour randonner encadr\u00e9s par des animateurs brevet\u00e9s du comit\u00e9 \u00a0FFRandonn\u00e9e \u00a0Paris&#8230; \u00a0<\/p>\n<ul style=\"list-style-type: disc;\">\n<li>\u00a0Dimanche 13 juillet 2025\u00a0\u00a0\u00a0\u00a0\u00a0\u00a0<\/li>\n<\/ul>\n<ul style=\"list-style-type: disc;\">\n<li>\u00a0Dimanche 27 juillet 2025\u00a0\u00a0\u00a0<\/li>\n<\/ul>\n<ul style=\"list-style-type: disc;\">\n<li>\u00a0Dimanche 10 ao\u00fbt 2025\u00a0\u00a0\u00a0<\/li>\n<\/ul>\n<ul style=\"list-style-type: disc;\">\n<li>\u00a0Dimanche 31 ao\u00fbt 2025\u00a0\u00a0\u00a0\u00a0\u00a0<\/li>\n<\/ul>\n<ul style=\"list-style-type: disc;\">\n<li>\u00a0Dimanche 21 septembre 2025 \u00a0<\/li>\n<\/ul>\n<p><a href=\"https:\/\/www.rando-paris.org\/accueil\/actu-30-paris-sport-dimanches\/\" target=\"_blank\" rel=\"noopener nofollow\">En savoir plus sur les randonn\u00e9es<\/a> <\/p>\n<p style=\"text-align: center;\"> <img loading=\"lazy\" decoding=\"async\" width=\"456\" height=\"326\" alt=\"\" src=\"https:\/\/www.europesays.com\/fr\/wp-content\/uploads\/2025\/06\/paris-sport-dimanches-456x326.png\"\/> <\/p>\n","protected":false},"excerpt":{"rendered":"Paris Sport Dimanches, c&rsquo;est tout l&rsquo;\u00e9t\u00e9 l&rsquo;occasion de pratiquer du sport gratuitement en ext\u00e9rieur, les dimanches matin, \u00e0&hellip;\n","protected":false},"author":2,"featured_media":209543,"comment_status":"","ping_status":"","sticky":false,"template":"","format":"standard","meta":{"footnotes":""},"categories":[1888],"tags":[11,28225,28226,28217,28218,1777,674,28216,28227,28228,1011,27,28211,28212,28215,28224,28219,28222,12,626,28213,28221,28220,25,28214,28223],"class_list":{"0":"post-209542","1":"post","2":"type-post","3":"status-publish","4":"format-standard","5":"has-post-thumbnail","7":"category-paris","8":"tag-actualites","9":"tag-animateur-de-randonnee","10":"tag-balisage","11":"tag-clubs-de-randonnee","12":"tag-disciplines-de-randonnee","13":"tag-eu","14":"tag-europe","15":"tag-federation-francaise-de-la-randonnee-pedestre","16":"tag-ffrandonnee","17":"tag-ffrp","18":"tag-fr","19":"tag-france","20":"tag-gr","21":"tag-grande-randonnee","22":"tag-itineraires-de-randonnee","23":"tag-itinerance","24":"tag-longe-cote","25":"tag-marche-nordique","26":"tag-news","27":"tag-paris","28":"tag-promenade-et-randonnee","29":"tag-rando-challenge","30":"tag-raquette-a-neige","31":"tag-republique-francaise","32":"tag-topoguide","33":"tag-trek"},"share_on_mastodon":{"url":"https:\/\/pubeurope.com\/@fr\/114757954728894036","error":""},"_links":{"self":[{"href":"https:\/\/www.europesays.com\/fr\/wp-json\/wp\/v2\/posts\/209542","targetHints":{"allow":["GET"]}}],"collection":[{"href":"https:\/\/www.europesays.com\/fr\/wp-json\/wp\/v2\/posts"}],"about":[{"href":"https:\/\/www.europesays.com\/fr\/wp-json\/wp\/v2\/types\/post"}],"author":[{"embeddable":true,"href":"https:\/\/www.europesays.com\/fr\/wp-json\/wp\/v2\/users\/2"}],"replies":[{"embeddable":true,"href":"https:\/\/www.europesays.com\/fr\/wp-json\/wp\/v2\/comments?post=209542"}],"version-history":[{"count":0,"href":"https:\/\/www.europesays.com\/fr\/wp-json\/wp\/v2\/posts\/209542\/revisions"}],"wp:featuredmedia":[{"embeddable":true,"href":"https:\/\/www.europesays.com\/fr\/wp-json\/wp\/v2\/media\/209543"}],"wp:attachment":[{"href":"https:\/\/www.europesays.com\/fr\/wp-json\/wp\/v2\/media?parent=209542"}],"wp:term":[{"taxonomy":"category","embeddable":true,"href":"https:\/\/www.europesays.com\/fr\/wp-json\/wp\/v2\/categories?post=209542"},{"taxonomy":"post_tag","embeddable":true,"href":"https:\/\/www.europesays.com\/fr\/wp-json\/wp\/v2\/tags?post=209542"}],"curies":[{"name":"wp","href":"https:\/\/api.w.org\/{rel}","templated":true}]}}