{"id":209563,"date":"2025-06-27T23:47:09","date_gmt":"2025-06-27T23:47:09","guid":{"rendered":"https:\/\/www.europesays.com\/fr\/209563\/"},"modified":"2025-06-27T23:47:09","modified_gmt":"2025-06-27T23:47:09","slug":"pearson-eshenko-pour-un-beau-trio-de-centraux-a-lalterna-stade-poitevin","status":"publish","type":"post","link":"https:\/\/www.europesays.com\/fr\/209563\/","title":{"rendered":"Pearson Eshenko pour un beau trio de centraux \u00e0 l\u2019Alterna Stade Poitevin"},"content":{"rendered":"<p>C\u2019\u00e9tait \u00a0\u00bb une anomalie \u00a0\u00bb qu\u2019il fallait corriger. Avant ce vendredi 28\u00a0juin 2025, l\u2019Alterna Stade Poitevin ne comptait plus de Canadien dans son effectif apr\u00e8s les d\u00e9parts de Brett Walsh pour Chaumont, de Chris Byam pour L\u00fcneburg en Allemagne et de Jackson Howe. Mais l\u2019officialisation de l\u2019arriv\u00e9e de Pearson Eshenko a corrig\u00e9 cela et Dan Lewis pourra bien s\u2019appuyer sur l\u2019un de ses compatriotes la saison prochaine.<\/p>\n<p>Le s\u00e9lectionneur de l\u2019\u00e9quipe de volley du pays \u00e0 la feuille d\u2019\u00e9rable et entra\u00eeneur de l\u2019Alterna SPVB conna\u00eet forc\u00e9ment tr\u00e8s bien le central de 2,05\u00a0m, form\u00e9 \u00e0 la Trinity Western University o\u00f9 il avait jou\u00e9 aux c\u00f4t\u00e9s de Jackson Howe et Mathias Elser, avec qui il avait \u00e9galement termin\u00e9 deuxi\u00e8me du championnat d\u2019Am\u00e9rique du nord 2021 en profitant des passes d\u2019un certain Brett Walsh&#8230;. <\/p>\n<p>    Cet article a \u00e9t\u00e9 tronqu\u00e9. Abonnez-vous pour lire l&rsquo;article complet sur notre site.<\/p>\n<p style=\"margin: 0 !important; padding: 0 !important; font-size: 12px !important;\">Cet article a \u00e9t\u00e9 tronqu\u00e9. Abonnez-vous pour lire l&rsquo;article complet.<\/p>\n<p>    <a href=\"https:\/\/www.lanouvellerepublique.fr\/abonnements\" style=\"display: inline-block; margin-top: 5px !important; padding: 6px 12px !important; background: #cb1c27; color: white; text-decoration: none; border-radius: 4px; font-size: 12px !important;\" target=\"_blank\" rel=\"noopener\"><br \/>\n      S&rsquo;abonner<br \/>\n    <\/a><\/p>\n","protected":false},"excerpt":{"rendered":"C\u2019\u00e9tait \u00a0\u00bb une anomalie \u00a0\u00bb qu\u2019il fallait corriger. Avant ce vendredi 28\u00a0juin 2025, l\u2019Alterna Stade Poitevin ne comptait&hellip;\n","protected":false},"author":2,"featured_media":209564,"comment_status":"","ping_status":"","sticky":false,"template":"","format":"standard","meta":{"footnotes":""},"categories":[1417],"tags":[1392,1654,1011,27,1655,1653,60,1584,1470,1469],"class_list":{"0":"post-209563","1":"post","2":"type-post","3":"status-publish","4":"format-standard","5":"has-post-thumbnail","7":"category-volley","8":"tag-a-la-une-local","9":"tag-alterna-stade-poitevin-volley-ball","10":"tag-fr","11":"tag-france","12":"tag-ligue-a","13":"tag-poitiers","14":"tag-sports","15":"tag-vienne","16":"tag-volley","17":"tag-volleyball"},"share_on_mastodon":{"url":"https:\/\/pubeurope.com\/@fr\/114758001827319180","error":""},"_links":{"self":[{"href":"https:\/\/www.europesays.com\/fr\/wp-json\/wp\/v2\/posts\/209563","targetHints":{"allow":["GET"]}}],"collection":[{"href":"https:\/\/www.europesays.com\/fr\/wp-json\/wp\/v2\/posts"}],"about":[{"href":"https:\/\/www.europesays.com\/fr\/wp-json\/wp\/v2\/types\/post"}],"author":[{"embeddable":true,"href":"https:\/\/www.europesays.com\/fr\/wp-json\/wp\/v2\/users\/2"}],"replies":[{"embeddable":true,"href":"https:\/\/www.europesays.com\/fr\/wp-json\/wp\/v2\/comments?post=209563"}],"version-history":[{"count":0,"href":"https:\/\/www.europesays.com\/fr\/wp-json\/wp\/v2\/posts\/209563\/revisions"}],"wp:featuredmedia":[{"embeddable":true,"href":"https:\/\/www.europesays.com\/fr\/wp-json\/wp\/v2\/media\/209564"}],"wp:attachment":[{"href":"https:\/\/www.europesays.com\/fr\/wp-json\/wp\/v2\/media?parent=209563"}],"wp:term":[{"taxonomy":"category","embeddable":true,"href":"https:\/\/www.europesays.com\/fr\/wp-json\/wp\/v2\/categories?post=209563"},{"taxonomy":"post_tag","embeddable":true,"href":"https:\/\/www.europesays.com\/fr\/wp-json\/wp\/v2\/tags?post=209563"}],"curies":[{"name":"wp","href":"https:\/\/api.w.org\/{rel}","templated":true}]}}