{"id":209565,"date":"2025-06-27T23:48:09","date_gmt":"2025-06-27T23:48:09","guid":{"rendered":"https:\/\/www.europesays.com\/fr\/209565\/"},"modified":"2025-06-27T23:48:09","modified_gmt":"2025-06-27T23:48:09","slug":"pierre-mignoni-repond-a-la-rumeur-tommaso-menoncello","status":"publish","type":"post","link":"https:\/\/www.europesays.com\/fr\/209565\/","title":{"rendered":"Pierre Mignoni r\u00e9pond \u00e0 la rumeur Tommaso Menoncello !"},"content":{"rendered":"<p>Ce n\u2019est plus un secret pour personne : Tommaso Menoncello devrait d\u00e9barquer en Top 14 d\u00e8s l\u2019\u00e9t\u00e9 2026.<\/p>\n<p>Actuellement sous contrat avec le club de Tr\u00e9vise, le trois-quarts centre international Italien ne manque pas de convoitise.<\/p>\n<p>Selon les derni\u00e8res informations, plusieurs grosses \u00e9curies du Top 14 souhaiteraient enr\u00f4ler l\u2019Italien, dont notamment Toulon, La Rochelle et Toulouse.<\/p>\n<p>Tommaso Menoncello aura donc le choix au moment de quitter Tr\u00e9vise.<\/p>\n<p>Interrog\u00e9 via Les Causeries de la Rade, le manager Toulonnais Pierre Mignoni n\u2019a pas d\u00e9menti \u00eatre int\u00e9ress\u00e9 par le profil du joueur Italien.<\/p>\n<p>Cependant, il rappelle que le dossier n\u2019est pas simple du tout.<\/p>\n<p><strong>A lire ci-dessous :<\/strong><\/p>\n<p>\u00ab\u00a0Est-ce que Tommaso Menoncello appr\u00e9cie Toulon ? J\u2019esp\u00e8re bien (rire). On l\u2019appr\u00e9cie aussi, on ne va pas faire la langue de bois. Mais il n\u2019y a pas que Toulon sur lui, il y a d\u2019autres clubs. Il est sous contrat avec Tr\u00e9vise. On a aussi des inconv\u00e9nients. M\u00eame si on peut faire des offres, certaines choses se font, d\u2019autres non. Parfois, \u00e7a se fait plus tard, ou pas.\u00a0\u00bb<\/p>\n","protected":false},"excerpt":{"rendered":"Ce n\u2019est plus un secret pour personne : Tommaso Menoncello devrait d\u00e9barquer en Top 14 d\u00e8s l\u2019\u00e9t\u00e9 2026.&hellip;\n","protected":false},"author":2,"featured_media":209566,"comment_status":"","ping_status":"","sticky":false,"template":"","format":"standard","meta":{"footnotes":""},"categories":[1416],"tags":[1011,27,479,1468,60],"class_list":{"0":"post-209565","1":"post","2":"type-post","3":"status-publish","4":"format-standard","5":"has-post-thumbnail","7":"category-rugby","8":"tag-fr","9":"tag-france","10":"tag-rugby","11":"tag-rugby-football","12":"tag-sports"},"share_on_mastodon":{"url":"https:\/\/pubeurope.com\/@fr\/114758005806418313","error":""},"_links":{"self":[{"href":"https:\/\/www.europesays.com\/fr\/wp-json\/wp\/v2\/posts\/209565","targetHints":{"allow":["GET"]}}],"collection":[{"href":"https:\/\/www.europesays.com\/fr\/wp-json\/wp\/v2\/posts"}],"about":[{"href":"https:\/\/www.europesays.com\/fr\/wp-json\/wp\/v2\/types\/post"}],"author":[{"embeddable":true,"href":"https:\/\/www.europesays.com\/fr\/wp-json\/wp\/v2\/users\/2"}],"replies":[{"embeddable":true,"href":"https:\/\/www.europesays.com\/fr\/wp-json\/wp\/v2\/comments?post=209565"}],"version-history":[{"count":0,"href":"https:\/\/www.europesays.com\/fr\/wp-json\/wp\/v2\/posts\/209565\/revisions"}],"wp:featuredmedia":[{"embeddable":true,"href":"https:\/\/www.europesays.com\/fr\/wp-json\/wp\/v2\/media\/209566"}],"wp:attachment":[{"href":"https:\/\/www.europesays.com\/fr\/wp-json\/wp\/v2\/media?parent=209565"}],"wp:term":[{"taxonomy":"category","embeddable":true,"href":"https:\/\/www.europesays.com\/fr\/wp-json\/wp\/v2\/categories?post=209565"},{"taxonomy":"post_tag","embeddable":true,"href":"https:\/\/www.europesays.com\/fr\/wp-json\/wp\/v2\/tags?post=209565"}],"curies":[{"name":"wp","href":"https:\/\/api.w.org\/{rel}","templated":true}]}}