{"id":209568,"date":"2025-06-27T23:50:16","date_gmt":"2025-06-27T23:50:16","guid":{"rendered":"https:\/\/www.europesays.com\/fr\/209568\/"},"modified":"2025-06-27T23:50:16","modified_gmt":"2025-06-27T23:50:16","slug":"tgb-lourde-amende-pour-le-club-tarbais-de-nouveau-epingle-par-la-commission-de-gestion-de-la-ffbb","status":"publish","type":"post","link":"https:\/\/www.europesays.com\/fr\/209568\/","title":{"rendered":"TGB\u00a0: lourde amende pour le club tarbais de nouveau \u00e9pingl\u00e9 par la commission de gestion de la FFBB"},"content":{"rendered":"<p>\n                                                                Le Tarbes Gespe Bigorre a, pour d\u00e9passement de l\u2019encadrement des charges de personnel sur la saison 2023\/24\u00a0; non-respect du budget valid\u00e9 sur la saison 2023\/24 et non-respect de l\u2019obligation de constitution du fonds de r\u00e9serve sur la saison 2023\/24, \u00e9t\u00e9 sanctionn\u00e9 d\u2019une amende de 10\u00a0600\u00a0euros.\n                            <\/p>\n<p><a href=\"https:\/\/www.nrpyrenees.fr\/2024\/01\/17\/tgb-le-club-a-nouveau-epingle-par-la-commission-de-controle-de-gestion-11702674.php\" target=\"_self\" rel=\"noopener\">Comme la saison pass\u00e9e \u00e0 la m\u00eame \u00e9poque<\/a>, le Tarbes Gespe Bigorre est rattrap\u00e9 par l\u2019extra-sportif puisqu\u2019il vient d\u2019\u00eatre \u00e9pingl\u00e9 par\u00a0la commission de contr\u00f4le de gestion (CCG) de la F\u00e9d\u00e9ration Fran\u00e7aise de basket-ball (FFBB) en r\u00e9union pl\u00e9ni\u00e8re\u00a0les 11, 12 et 13\u00a0d\u00e9cembre 2024 afin de statuer sur 16 proc\u00e9dures ouvertes \u00e0 l\u2019encontre de clubs participant aux championnats FFBB.<\/p>\n<p>Concernant le TGB, plusieurs motifs ont \u00e9t\u00e9 relev\u00e9s\u00a0: d\u00e9passement de l\u2019encadrement des charges de personnel sur la saison 2023\/24\u00a0; non-respect du budget valid\u00e9 sur la saison 2023\/24\u00a0; non-respect de l\u2019obligation de constitution du fonds de r\u00e9serve sur la saison 2023\/24.<\/p>\n<p>10\u00a0600\u00a0euros d\u2019amendes<\/p>\n<p>De ce fait le club tarbais s\u2019est fait sanctionner de plusieurs p\u00e9nalit\u00e9s financi\u00e8res\u00a0: de 6\u00a0700\u00a0\u20ac pour d\u00e9passement de l\u2019encadrement des charges de personnel 2023\/24\u00a0; 3\u00a0900\u00a0\u20ac pour non-respect du budget valid\u00e9 2023\/24 et non-respect de l\u2019obligation de fonds de r\u00e9serve de la saison 2023\/24.<\/p>\n<p>Si ces sanctions portent sur la saison pr\u00e9c\u00e9dente, il est \u00e0 noter que <a href=\"https:\/\/www.nrpyrenees.fr\/2024\/11\/30\/basket-ball-lfb-au-tgb-une-assemblee-generale-rassurante-sur-bien-des-points-12357454.php\" target=\"_self\" rel=\"noopener\">plusieurs signes positifs avaient \u00e9t\u00e9 \u00e9mis durant l\u2019assembl\u00e9e g\u00e9n\u00e9rale du club<\/a>, par la pr\u00e9sidente Jeannie Cointre pour la saison 2024\/2025. Tout porte donc \u00e0 croire que cette sanction devrait \u00eatre la derni\u00e8re \u00e0 l\u2019encontre du club bigourdan.<\/p>\n<p>Rappelons que le TGB \u00e9tait\u00a0sous le coup d\u2019une<a href=\"https:\/\/www.ladepeche.fr\/2024\/06\/21\/basket-ball-le-tarbes-gb-retrograde-en-ligue-regionale-avant-lappel-12032568.php\" target=\"_self\" rel=\"noopener\">\u00a0r\u00e9trogradation en Ligue R\u00e9gionale<\/a>\u00a0en fin de saison derni\u00e8re\u00a0pour n\u2019avoir pas satisfait aux exigences de la commission de contr\u00f4le de gestion de la FFBB et ce n\u2019est qu\u2019apr\u00e8s avoir \u00e9t\u00e9 entendu par la Chambre d\u2019Appel de la FFBB, fin juin, que le club tarbais avait valid\u00e9 son maintien en \u00e9lite.<\/p>\n<p>Plusieurs autres clubs de Ligue F\u00e9minine ont \u00e9t\u00e9 \u00e9galement sanctionn\u00e9s.<\/p>\n<p>Points en moins pour Roche Vend\u00e9e<\/p>\n<p>C\u2019est le cas de\u00a0Charnay pour d\u00e9passement de l\u2019encadrement des charges de personnel sur la saison 2023\/24\u00a0; non-respect du budget valid\u00e9 sur la saison 2023\/24 et non-respect de l\u2019obligation de constitution du fonds de r\u00e9serve sur la saison 2023\/24. Des griefs sans suite.<\/p>\n<p>Roche Vend\u00e9e a aussi \u00e9t\u00e9 \u00e9pingl\u00e9 pour d\u00e9passement de l\u2019encadrement des charges de personnel sur la saison 2023\/24\u00a0; Non-respect du budget valid\u00e9 sur la saison 2023\/24 et\u00a0Non-respect de l\u2019obligation de constitution du fonds de r\u00e9serve sur la saison 2023\/24.<\/p>\n<p>Le club vend\u00e9en s\u2019est vu sanctionner d\u2019une p\u00e9nalit\u00e9 financi\u00e8re de 8\u00a0000\u00a0\u20ac pour d\u00e9passement de l\u2019encadrement des charges de personnel mais aussi d\u2019un retrait de 2 points au classement de la phase 1 de LFB et de 1 point au classement des play-down de LFB (si le club y participe) de la saison 2024\/25 pour le non-respect du budget valid\u00e9 2023\/24, le non-respect de l\u2019obligation de fonds de r\u00e9serve de la saison 2023\/24.<\/p>\n<p>Les clubs peuvent interjeter appel devant la Chambre d\u2019Appel \u00e0 l\u2019encontre des d\u00e9cisions de la commission de contr\u00f4le de gestion, dans un d\u00e9lai de 10 jours ouvrables \u00e0 compter de la date de r\u00e9ception de la d\u00e9cision.<\/p>\n","protected":false},"excerpt":{"rendered":"Le Tarbes Gespe Bigorre a, pour d\u00e9passement de l\u2019encadrement des charges de personnel sur la saison 2023\/24\u00a0; non-respect&hellip;\n","protected":false},"author":2,"featured_media":209569,"comment_status":"","ping_status":"","sticky":false,"template":"","format":"standard","meta":{"footnotes":""},"categories":[1414],"tags":[1465,1464,1011,27,60],"class_list":{"0":"post-209568","1":"post","2":"type-post","3":"status-publish","4":"format-standard","5":"has-post-thumbnail","7":"category-basket","8":"tag-basket","9":"tag-basketball","10":"tag-fr","11":"tag-france","12":"tag-sports"},"share_on_mastodon":{"url":"https:\/\/pubeurope.com\/@fr\/114758013690706731","error":""},"_links":{"self":[{"href":"https:\/\/www.europesays.com\/fr\/wp-json\/wp\/v2\/posts\/209568","targetHints":{"allow":["GET"]}}],"collection":[{"href":"https:\/\/www.europesays.com\/fr\/wp-json\/wp\/v2\/posts"}],"about":[{"href":"https:\/\/www.europesays.com\/fr\/wp-json\/wp\/v2\/types\/post"}],"author":[{"embeddable":true,"href":"https:\/\/www.europesays.com\/fr\/wp-json\/wp\/v2\/users\/2"}],"replies":[{"embeddable":true,"href":"https:\/\/www.europesays.com\/fr\/wp-json\/wp\/v2\/comments?post=209568"}],"version-history":[{"count":0,"href":"https:\/\/www.europesays.com\/fr\/wp-json\/wp\/v2\/posts\/209568\/revisions"}],"wp:featuredmedia":[{"embeddable":true,"href":"https:\/\/www.europesays.com\/fr\/wp-json\/wp\/v2\/media\/209569"}],"wp:attachment":[{"href":"https:\/\/www.europesays.com\/fr\/wp-json\/wp\/v2\/media?parent=209568"}],"wp:term":[{"taxonomy":"category","embeddable":true,"href":"https:\/\/www.europesays.com\/fr\/wp-json\/wp\/v2\/categories?post=209568"},{"taxonomy":"post_tag","embeddable":true,"href":"https:\/\/www.europesays.com\/fr\/wp-json\/wp\/v2\/tags?post=209568"}],"curies":[{"name":"wp","href":"https:\/\/api.w.org\/{rel}","templated":true}]}}