{"id":209571,"date":"2025-06-27T23:52:10","date_gmt":"2025-06-27T23:52:10","guid":{"rendered":"https:\/\/www.europesays.com\/fr\/209571\/"},"modified":"2025-06-27T23:52:10","modified_gmt":"2025-06-27T23:52:10","slug":"je-suis-persuade-quares-viendra-au-secours-des-actionnaires-actuels-glisse-aulas-a-propos-de-lol","status":"publish","type":"post","link":"https:\/\/www.europesays.com\/fr\/209571\/","title":{"rendered":"\u00abJe suis persuad\u00e9 qu\u2019Ares viendra au secours des actionnaires actuels\u00bb, glisse Aulas \u00e0 propos de l\u2019OL"},"content":{"rendered":"<p>L\u2019ancien patron de l\u2019Olympique Lyonnais s\u2019est exprim\u00e9 sur France 3 au sujet de la situation critique du club rhodanien.<\/p>\n<p class=\"fig-paragraph\">L\u2019OL en Ligue 2\u00a0? \u00c0 l\u2019heure qu\u2019il est, oui.\u00a0<a href=\"http:\/\/www.lefigaro.fr\/sports\/football\/ligue-1\/une-decision-incomprehensible-l-olympique-lyonnais-retrograde-en-ligue-2-va-faire-appel-devant-la-dncg-20250624\" data-fig-type=\"NewsFlash\" data-gtm-custom-categorie=\"navigation\" data-gtm-custom-action=\"crossclick\" data-gtm-custom-label=\"Contextuel\" data-gtm-event=\"customEventSPE\" data-fig-domain=\"LEFIGARO\" target=\"_blank\" rel=\"noopener\">La DNCG a prononc\u00e9 la r\u00e9trogradation du club lyonnais<\/a>, qui entend faire appel. Un sujet qui touche bien \u00e9videmment \u00e0 c\u0153ur Jean-Michel Aulas, longtemps \u00e0 la t\u00eate de l\u2019Olympique Lyonnais. \u00abOn est tr\u00e8s triste quand on est Lyonnais et quand on a travaill\u00e9 pendant 37 ans \u00e0 en faire l\u2019un des plus grands clubs europ\u00e9ens\u00bb, a-t-il indiqu\u00e9 ce vendredi, sur France 3, en marge du match amical des Bleues face au Br\u00e9sil.<\/p>\n<p class=\"fig-paragraph\">Et de poursuivre\u00a0: \u00abJe suis surpris parce que j\u2019avais interrog\u00e9 juste avant les dirigeants avant la s\u00e9ance de la DNCG et ils \u00e9taient tr\u00e8s confiants. Donc la surprise est totale mais on va tout faire, se mobiliser, via la proc\u00e9dure d\u2019appel mais aussi avec les actionnaires. Et je suis persuad\u00e9 qu\u2019Ares, qui est une grande puissance financi\u00e8re, viendra au secours des actionnaires actuels pour trouver la solution. Lyon m\u00e9rite d\u2019\u00eatre tout en haut et il faudra trouver la formule qui lui permette de l\u2019\u00eatre\u00bb. Un appel du pied clair \u00e0 Ares pour s\u2019impliquer directement dans le dossier. Et sortir John Textor\u00a0?<\/p>\n","protected":false},"excerpt":{"rendered":"L\u2019ancien patron de l\u2019Olympique Lyonnais s\u2019est exprim\u00e9 sur France 3 au sujet de la situation critique du club&hellip;\n","protected":false},"author":2,"featured_media":209572,"comment_status":"","ping_status":"","sticky":false,"template":"","format":"standard","meta":{"footnotes":""},"categories":[1412],"tags":[525,1981,814,1451,2257,63,1452,1453,1454,1455,1011,27,5227,12428,3309,66,1307,955,1176,978,93,1980,60],"class_list":{"0":"post-209571","1":"post","2":"type-post","3":"status-publish","4":"format-standard","5":"has-post-thumbnail","7":"category-f1","8":"tag-calendrier","9":"tag-classement","10":"tag-direct","11":"tag-f1","12":"tag-foot","13":"tag-football","14":"tag-formula-1","15":"tag-formula1","16":"tag-formule-1","17":"tag-formule1","18":"tag-fr","19":"tag-france","20":"tag-jean-michel-aulas","21":"tag-john-textor","22":"tag-l1","23":"tag-ligue-1","24":"tag-lille","25":"tag-match","26":"tag-olympique-de-marseille","27":"tag-olympique-lyonnais","28":"tag-psg","29":"tag-resultats","30":"tag-sports"},"share_on_mastodon":{"url":"https:\/\/pubeurope.com\/@fr\/114758021481103486","error":""},"_links":{"self":[{"href":"https:\/\/www.europesays.com\/fr\/wp-json\/wp\/v2\/posts\/209571","targetHints":{"allow":["GET"]}}],"collection":[{"href":"https:\/\/www.europesays.com\/fr\/wp-json\/wp\/v2\/posts"}],"about":[{"href":"https:\/\/www.europesays.com\/fr\/wp-json\/wp\/v2\/types\/post"}],"author":[{"embeddable":true,"href":"https:\/\/www.europesays.com\/fr\/wp-json\/wp\/v2\/users\/2"}],"replies":[{"embeddable":true,"href":"https:\/\/www.europesays.com\/fr\/wp-json\/wp\/v2\/comments?post=209571"}],"version-history":[{"count":0,"href":"https:\/\/www.europesays.com\/fr\/wp-json\/wp\/v2\/posts\/209571\/revisions"}],"wp:featuredmedia":[{"embeddable":true,"href":"https:\/\/www.europesays.com\/fr\/wp-json\/wp\/v2\/media\/209572"}],"wp:attachment":[{"href":"https:\/\/www.europesays.com\/fr\/wp-json\/wp\/v2\/media?parent=209571"}],"wp:term":[{"taxonomy":"category","embeddable":true,"href":"https:\/\/www.europesays.com\/fr\/wp-json\/wp\/v2\/categories?post=209571"},{"taxonomy":"post_tag","embeddable":true,"href":"https:\/\/www.europesays.com\/fr\/wp-json\/wp\/v2\/tags?post=209571"}],"curies":[{"name":"wp","href":"https:\/\/api.w.org\/{rel}","templated":true}]}}