{"id":209577,"date":"2025-06-27T23:55:10","date_gmt":"2025-06-27T23:55:10","guid":{"rendered":"https:\/\/www.europesays.com\/fr\/209577\/"},"modified":"2025-06-27T23:55:10","modified_gmt":"2025-06-27T23:55:10","slug":"cet-acteur-legendaire-des-annees-80-nous-a-quittes","status":"publish","type":"post","link":"https:\/\/www.europesays.com\/fr\/209577\/","title":{"rendered":"cet acteur l\u00e9gendaire des ann\u00e9es 80 nous a quitt\u00e9s"},"content":{"rendered":"<p>C&rsquo;est une triste nouvelle qui frappe aujourd&rsquo;hui le monde des s\u00e9ries. V\u00e9ritable star de la t\u00e9l\u00e9vision dans les ann\u00e9es 70 et 80 avec des r\u00f4les dans Sh\u00e9rif, fais-moi peur, Arabesque ou encore MASH, l&rsquo;acteur Rick Hurst nous a quitt\u00e9s.<\/p>\n<p>Le monde des s\u00e9ries est en deuil. L&rsquo;annonce est officielle : l&rsquo;un des visages les plus embl\u00e9matiques de la t\u00e9l\u00e9vision des ann\u00e9es 70 et 80 nous a malheureusement quitt\u00e9s. L&rsquo;acteur <strong>Rick Hurst<\/strong> &#8211; connu pour son r\u00f4le du sh\u00e9rif adjoint <strong>Cletus Hogg<\/strong> dans la com\u00e9die <strong>Sh\u00e9rif, fais-moi peur!<\/strong> (1979-1985), est mort ce jeudi 26 juin 2025 \u00e0 l&rsquo;\u00e2ge de 79 ans.<\/p>\n<p>Hommage \u00e0 Rick Hurst<\/p>\n<p>\u00ab\u00a0<strong>Ca n&rsquo;est pas juste d&rsquo;apprendre que Rick Hurst est parti cet apr\u00e8s-midi<\/strong>, a partag\u00e9 <strong>Ben Jones<\/strong> &#8211; son partenaire de l&rsquo;\u00e9poque, sur une page Facebook d\u00e9di\u00e9e \u00e0 la s\u00e9rie. Quand quelque chose d&rsquo;inattendue se produit, c&rsquo;est toujours difficile \u00e0 dig\u00e9rer\u00a0\u00bb.<\/p>\n<p>Le com\u00e9dien &#8211; qui incarnait Cooter dans la s\u00e9rie, a par la suite ajout\u00e9 : \u00ab\u00a0Je connaissais Rick depuis 45 ans et il n&rsquo;y a pas une minute de tout ce temps o\u00f9 il ne m&rsquo;a pas donn\u00e9 le sourire et fait rire. \u00c9videmment, il s&rsquo;agissait d&rsquo;un com\u00e9dien professionnel, mais <strong>plus que tout, il poss\u00e9dait le plus grand coeur du Texas<\/strong>.\u00a0\u00bb<\/p>\n<p>\u00ab\u00a0Il n&rsquo;avait jamais cess\u00e9 de faire rire les gens jusqu&rsquo;\u00e0 aujourd&rsquo;hui\u00a0\u00bb<\/p>\n<p>Tr\u00e8s touch\u00e9 par la disparition de son ami, Ben Jones n&rsquo;a pas manqu\u00e9 de rappeler : \u00ab\u00a0Il \u00e9tait <strong>un excellent acteur, un comique splendide et formidable coll\u00e8gue<\/strong>. Il collait parfaitement \u00e0 son r\u00f4le dans la s\u00e9rie et n&rsquo;avait jamais cess\u00e9 de faire rire les gens jusqu&rsquo;\u00e0 aujourd&rsquo;hui&#8230;.<a href=\"https:\/\/www.purebreak.com\/news\/il-possedait-le-plus-grand-coeur-cet-acteur-legendaire-des-annees-80-nous-a-quittes\/254160\" rel=\"nofollow noopener\" target=\"_blank\" data-ylk=\"slk:Lire la suite;elm:context_link;itc:0;sec:content-canvas\" class=\"link \">Lire la suite<\/a><br \/>\u00c0 lire aussi<br \/><a href=\"https:\/\/www.purebreak.com\/news\/cette-saga-de-science-fiction-a-ete-lun-des-plus-grands-flops-de-lhistoire-du-cinema-mais-a-survecu-grace-aux-efforts-de-son-acteur-principal\/253466\" rel=\"nofollow noopener\" target=\"_blank\" data-ylk=\"slk:Cette saga de science-fiction a \u00e9t\u00e9 l&#039;un des plus grands flops de l&#039;histoire du cin\u00e9ma, mais a surv\u00e9cu gr\u00e2ce aux efforts de son acteur principal;elm:context_link;itc:0;sec:content-canvas\" class=\"link \">Cette saga de science-fiction a \u00e9t\u00e9 l&rsquo;un des plus grands flops de l&rsquo;histoire du cin\u00e9ma, mais a surv\u00e9cu gr\u00e2ce aux efforts de son acteur principal<\/a><br \/><a href=\"https:\/\/www.purebreak.com\/news\/koh-lanta-2025-on-a-enfin-la-reponse-a-la-grande-question-de-cette-saison-et-ca-ne-va-pas-plaire-a-une-candidate\/253338\" rel=\"nofollow noopener\" target=\"_blank\" data-ylk=\"slk:Koh-Lanta 2025 : on a enfin la r\u00e9ponse \u00e0 la grande question de cette saison (et \u00e7a ne va pas plaire \u00e0 une candidate);elm:context_link;itc:0;sec:content-canvas\" class=\"link \">Koh-Lanta 2025 : on a enfin la r\u00e9ponse \u00e0 la grande question de cette saison (et \u00e7a ne va pas plaire \u00e0 une candidate)<\/a><br \/><a href=\"https:\/\/www.purebreak.com\/news\/virgin-river-cet-acteur-a-quitte-la-serie-a-cause-dun-probleme-en-coulisses\/253171\" rel=\"nofollow noopener\" target=\"_blank\" data-ylk=\"slk:Virgin River : cet acteur a quitt\u00e9 la s\u00e9rie \u00e0 cause d&#039;un probl\u00e8me en coulisses !;elm:context_link;itc:0;sec:content-canvas\" class=\"link \">Virgin River : cet acteur a quitt\u00e9 la s\u00e9rie \u00e0 cause d&rsquo;un probl\u00e8me en coulisses !<\/a><\/p>\n","protected":false},"excerpt":{"rendered":"C&rsquo;est une triste nouvelle qui frappe aujourd&rsquo;hui le monde des s\u00e9ries. V\u00e9ritable star de la t\u00e9l\u00e9vision dans les&hellip;\n","protected":false},"author":2,"featured_media":209578,"comment_status":"","ping_status":"","sticky":false,"template":"","format":"standard","meta":{"footnotes":""},"categories":[1359],"tags":[34859,34858,58,59,1011,27,34860,7243,973,34857],"class_list":{"0":"post-209577","1":"post","2":"type-post","3":"status-publish","4":"format-standard","5":"has-post-thumbnail","7":"category-people","8":"tag-annees-70","9":"tag-ben-jones","10":"tag-divertissement","11":"tag-entertainment","12":"tag-fr","13":"tag-france","14":"tag-la-television","15":"tag-le-monde","16":"tag-people","17":"tag-rick-hurst"},"share_on_mastodon":{"url":"https:\/\/pubeurope.com\/@fr\/114758033450536202","error":""},"_links":{"self":[{"href":"https:\/\/www.europesays.com\/fr\/wp-json\/wp\/v2\/posts\/209577","targetHints":{"allow":["GET"]}}],"collection":[{"href":"https:\/\/www.europesays.com\/fr\/wp-json\/wp\/v2\/posts"}],"about":[{"href":"https:\/\/www.europesays.com\/fr\/wp-json\/wp\/v2\/types\/post"}],"author":[{"embeddable":true,"href":"https:\/\/www.europesays.com\/fr\/wp-json\/wp\/v2\/users\/2"}],"replies":[{"embeddable":true,"href":"https:\/\/www.europesays.com\/fr\/wp-json\/wp\/v2\/comments?post=209577"}],"version-history":[{"count":0,"href":"https:\/\/www.europesays.com\/fr\/wp-json\/wp\/v2\/posts\/209577\/revisions"}],"wp:featuredmedia":[{"embeddable":true,"href":"https:\/\/www.europesays.com\/fr\/wp-json\/wp\/v2\/media\/209578"}],"wp:attachment":[{"href":"https:\/\/www.europesays.com\/fr\/wp-json\/wp\/v2\/media?parent=209577"}],"wp:term":[{"taxonomy":"category","embeddable":true,"href":"https:\/\/www.europesays.com\/fr\/wp-json\/wp\/v2\/categories?post=209577"},{"taxonomy":"post_tag","embeddable":true,"href":"https:\/\/www.europesays.com\/fr\/wp-json\/wp\/v2\/tags?post=209577"}],"curies":[{"name":"wp","href":"https:\/\/api.w.org\/{rel}","templated":true}]}}