{"id":209579,"date":"2025-06-27T23:56:21","date_gmt":"2025-06-27T23:56:21","guid":{"rendered":"https:\/\/www.europesays.com\/fr\/209579\/"},"modified":"2025-06-27T23:56:21","modified_gmt":"2025-06-27T23:56:21","slug":"saint-girons-dari-mos-expose-au-canard-noir","status":"publish","type":"post","link":"https:\/\/www.europesays.com\/fr\/209579\/","title":{"rendered":"Saint-Girons. Dari Mos expose au Canard noir"},"content":{"rendered":"<p>La galerie Le Canard Noir, situ\u00e9e place Jean Buffelan \u00e0 Saint-Girons, accueillera ce vendredi 27 juin une exposition singuli\u00e8re sign\u00e9e Dari Mos. Intitul\u00e9e Concert, cette proposition est une forme d\u2019\u00e9cho artistique au monde de la musique.<\/p>\n<p>Depuis 2015, Dari Mos photographie les concerts. Mais son approche est tout sauf classique. Pas question ici de clich\u00e9s fig\u00e9s ou de sc\u00e8nes de foule exalt\u00e9e : l\u2019artiste cherche \u00e0 capter la vibration intime. Elle entre dans le concert comme dans une mati\u00e8re vivante, laissant le son, les sensations, guider son regard. Ce qu\u2019elle en tire n\u2019est pas une simple image, mais une vision int\u00e9rieure, un instant de sensation capt\u00e9 \u00e0 fleur de peau. \u00ab\u00a0La s\u00e9rie s\u2019appelle Concert, mais ce n\u2019est pas une s\u00e9rie au sens strict, pr\u00e9cise-t-elle. C\u2019est ce qui reste quand tout s\u2019est tu. Ce que la musique imprime sur le corps, dans les silences, les gestes, les cris.\u00a0\u00bb \u00c0 contre-courant des repr\u00e9sentations spectaculaires, ses photographies traduisent une exp\u00e9rience personnelle, presque charnelle, de la musique. \u00ab\u00a0je ne me sens pas vraiment photographe, plut\u00f4t une artiste qui utilise comme moyen d\u2019expression la photographie.\u00a0\u00bb<\/p>\n<p>\u00c0 l\u2019occasion de cette nouvelle exposition, l\u2019artiste propose \u00e9galement une approche originale en mati\u00e8re d\u2019\u00e9change : le troc. \u00ab\u00a0Lors de l\u2019exposition pr\u00e9c\u00e9dente, certaines personnes ont trouv\u00e9 le travail de Sky Sutherland Gwilliam, \u00ab\u00a0le Vagabond Nouveau\u00a0\u00bb, tr\u00e8s beau, mais n\u2019avaient pas forc\u00e9ment les moyens de s\u2019offrir une \u0153uvre. Je me suis dit que pour cette fois, on pouvait imaginer une autre forme d\u2019\u00e9conomie\u00a0\u00bb, explique-t-elle. Concr\u00e8tement, il sera possible de proposer un \u00e9change : un bien ou un service contre une \u0153uvre. Dari Mos pr\u00e9cise que tout est envisageable, tant que l\u2019\u00e9change est coh\u00e9rent pour les deux parties. \u00ab\u00a0Si quelqu\u2019un veut me proposer un bon d\u2019achat dans une boutique locale, une coupe de cheveux, de la nourriture, ou m\u00eame la cr\u00e9ation d\u2019un site internet, et que \u00e7a m\u2019est utile, alors pourquoi pas. C\u2019est une mani\u00e8re plus vivante et inclusive de faire circuler l\u2019art.\u00a0\u00bb<\/p>\n<p>Galerie Le Canard Noir place Jean Buffelan, vendredi 27 juin \u00e0 partir de 17 heures.<\/p>\n","protected":false},"excerpt":{"rendered":"La galerie Le Canard Noir, situ\u00e9e place Jean Buffelan \u00e0 Saint-Girons, accueillera ce vendredi 27 juin une exposition&hellip;\n","protected":false},"author":2,"featured_media":209580,"comment_status":"","ping_status":"","sticky":false,"template":"","format":"standard","meta":{"footnotes":""},"categories":[1358],"tags":[1348,1384,1385,1386,58,59,1011,27],"class_list":{"0":"post-209579","1":"post","2":"type-post","3":"status-publish","4":"format-standard","5":"has-post-thumbnail","7":"category-arts-et-design","8":"tag-arts","9":"tag-arts-and-design","10":"tag-arts-et-design","11":"tag-design","12":"tag-divertissement","13":"tag-entertainment","14":"tag-fr","15":"tag-france"},"share_on_mastodon":{"url":"https:\/\/pubeurope.com\/@fr\/114758037240466609","error":""},"_links":{"self":[{"href":"https:\/\/www.europesays.com\/fr\/wp-json\/wp\/v2\/posts\/209579","targetHints":{"allow":["GET"]}}],"collection":[{"href":"https:\/\/www.europesays.com\/fr\/wp-json\/wp\/v2\/posts"}],"about":[{"href":"https:\/\/www.europesays.com\/fr\/wp-json\/wp\/v2\/types\/post"}],"author":[{"embeddable":true,"href":"https:\/\/www.europesays.com\/fr\/wp-json\/wp\/v2\/users\/2"}],"replies":[{"embeddable":true,"href":"https:\/\/www.europesays.com\/fr\/wp-json\/wp\/v2\/comments?post=209579"}],"version-history":[{"count":0,"href":"https:\/\/www.europesays.com\/fr\/wp-json\/wp\/v2\/posts\/209579\/revisions"}],"wp:featuredmedia":[{"embeddable":true,"href":"https:\/\/www.europesays.com\/fr\/wp-json\/wp\/v2\/media\/209580"}],"wp:attachment":[{"href":"https:\/\/www.europesays.com\/fr\/wp-json\/wp\/v2\/media?parent=209579"}],"wp:term":[{"taxonomy":"category","embeddable":true,"href":"https:\/\/www.europesays.com\/fr\/wp-json\/wp\/v2\/categories?post=209579"},{"taxonomy":"post_tag","embeddable":true,"href":"https:\/\/www.europesays.com\/fr\/wp-json\/wp\/v2\/tags?post=209579"}],"curies":[{"name":"wp","href":"https:\/\/api.w.org\/{rel}","templated":true}]}}