{"id":209586,"date":"2025-06-28T00:00:17","date_gmt":"2025-06-28T00:00:17","guid":{"rendered":"https:\/\/www.europesays.com\/fr\/209586\/"},"modified":"2025-06-28T00:00:17","modified_gmt":"2025-06-28T00:00:17","slug":"voici-4-films-a-voir-absolument-au-cine-ce-week-end-8","status":"publish","type":"post","link":"https:\/\/www.europesays.com\/fr\/209586\/","title":{"rendered":"Voici 4 films \u00e0 voir absolument au cin\u00e9 ce week-end"},"content":{"rendered":"<p>Bon week-end \u00e0 tous\u00a0! Alors que la France est frapp\u00e9e par une vague de chaleur d\u2019exception, vous avez s\u00fbrement envie d\u2019\u00eatre au frais. Cela tombe bien\u00a0: vous allez pouvoir vous rafra\u00eechir et vous \u00e9vader loin de votre quotidien pendant quelques heures avec une sortie cin\u00e9. Mais quel film d\u00e9couvrir au cin\u00e9ma\u00a0? En ce moment, l\u2019actualit\u00e9 cin\u00e9matographique est assez riche. Entre <a href=\"https:\/\/www.presse-citron.net\/4-raisons-daller-voir-the-life-of-chuck-au-cinema\/\" target=\"_blank\" rel=\"noopener\">Life of Chuck<\/a>, <a href=\"https:\/\/www.presse-citron.net\/dragons-encore-un-live-action-mais-il-vaut-le-detour\/\" target=\"_blank\" rel=\"noopener\">Dragons<\/a>, <a href=\"https:\/\/www.presse-citron.net\/critique-elio-letoile-filante-de-pixar-qui-fait-chaud-au-coeur\/\" target=\"_blank\" rel=\"noopener\">Elio<\/a> ou encore 28 ans plus tard, il y en a pour tous les go\u00fbts.<\/p>\n<p>Cette semaine encore, il y a quelques p\u00e9pites qui rejoignent les salles obscures. Comme \u00e0 notre habitude, nous avons \u00e9pluch\u00e9 le box-office afin de vous proposer une s\u00e9lection aux petits oignons des meilleurs films \u00e0 peine sortis au cin\u00e9ma.<\/p>\n<p>   F1 <\/p>\n<p>     <a href=\"https:\/\/www.youtube.com\/@PressecitronHD?sub_confirmation=1\" target=\"_blank\" rel=\"nofollow noopener\">         S&rsquo;abonner \u00e0 Presse-citron     <\/a> <\/p>\n<p>Avec F1, le r\u00e9alisateur de <a href=\"https:\/\/www.presse-citron.net\/top-gun-maverick-soffre-un-record-historique-en-france\/\" target=\"_blank\" rel=\"noopener\">Top Gun\u00a0: Maverick<\/a> s\u2019int\u00e9resse au sport automobile. Port\u00e9 par Brad Pitt et Damson Idris, F1 nous invite \u00e0 suivre Sonny Hayes, un prodige de la F1 dans les ann\u00e9es 90 jusqu\u2019\u00e0 un terrible accident. Trois d\u00e9cennies plus tard, d\u00e9sormais pilote ind\u00e9pendant, il est contact\u00e9 par Ruben Cervantes. \u00c0 la t\u00eate d\u2019une \u00e9curie en faillite, celui-ci le convainc de revenir afin de sauver l\u2019\u00e9quipe et prouver qu\u2019il est toujours le meilleur. Aux c\u00f4t\u00e9s de Joshua Pearce, un diamant brut pr\u00eat \u00e0 devenir le num\u00e9ro 1, Sonny r\u00e9alise que son co\u00e9quipier est aussi son plus grand rival, que le danger est partout et qu\u2019il risque de tout perdre.<\/p>\n<p>Avec un rythme effr\u00e9n\u00e9, des sc\u00e8nes spectaculaires, des images \u00e9poustouflantes, une bande-son d\u2019exception et des acteurs impressionnants, F1 r\u00e9ussit \u00e0 s\u00e9duire la presse, avec la moyenne de 3,2 sur 5, et les spectateurs d\u2019AlloCin\u00e9, avec la moyenne de 4,2 sur 5. \u00c0 voir pour les amateurs de sport automobile et de grand frisson.<\/p>\n<p> Am\u00e9lie et la m\u00e9taphysique des tubes <\/p>\n<p>Adapt\u00e9 du roman \u00e9ponyme d\u2019Am\u00e9lie Nothomb, Am\u00e9lie et la m\u00e9taphysique des tubes suit une petite fille belge n\u00e9e au Japon. Gr\u00e2ce \u00e0 son amie Nishio-san, le monde n\u2019est qu\u2019aventures et d\u00e9couvertes. Le jour de ses 3 ans, un \u00e9v\u00e9nement change le cours de la vie d\u2019Am\u00e9lie. Car tout se joue\u00a0: le bonheur comme la trag\u00e9die.<\/p>\n<p>Pr\u00e9sent\u00e9 en S\u00e9ance Sp\u00e9ciale au <a href=\"https:\/\/www.presse-citron.net\/10-films-primes-au-festival-de-cannes-a-voir-absolument\/\" target=\"_blank\" rel=\"noopener\">Festival de Cannes<\/a> 2025 et en comp\u00e9tition officielle lors de la derni\u00e8re \u00e9dition du Festival du film d\u2019animation d\u2019Annecy, Am\u00e9lie et la m\u00e9taphysique des tubes est une p\u00e9pite d\u2019animation. R\u00e9cit initiatique poignant, le long m\u00e9trage fait l\u2019unanimit\u00e9 aupr\u00e8s de la presse et des spectateurs d\u2019AlloCin\u00e9. Si vous \u00eates \u00e0 la recherche d\u2019une parenth\u00e8se enchant\u00e9e, Am\u00e9lie et la m\u00e9taphysique des tubes est \u00e0 voir absolument.<\/p>\n<p> 13 jours 13 nuits <\/p>\n<p>Martin Bourboulon <a href=\"https:\/\/www.presse-citron.net\/4-raisons-daller-voir-les-trois-mousquetaires-au-cinema\/\" target=\"_blank\" rel=\"noopener\">(Les Trois Mousquetaires)<\/a> est de retour. Nous voil\u00e0 \u00e0 Kaboul le 15 ao\u00fbt 2021. Alors que les Tabilans prennent d\u2019assaut la capitale et s\u2019emparent du pouvoir tandis que les troupes am\u00e9ricaines s\u2019appr\u00eatent \u00e0 quitter le territoire, des milliers d\u2019Afghans tentent de se r\u00e9fugier au seul endroit encore prot\u00e9g\u00e9 : l\u2019Ambassade de France. Seuls, le commandant Mohamed Bida et ses hommes en assurent la s\u00e9curit\u00e9. Pris au pi\u00e8ge, il d\u00e9cide de n\u00e9gocier avec les Talibans afin d\u2019organiser un convoi de la derni\u00e8re chance. Pour cela, il peut compter sur Eva, une jeune humanitaire franco-afghane. Une course contre la montre commence pour \u00e9vacuer les r\u00e9fugier jusqu\u2019\u00e0 l\u2019a\u00e9roport et fuir l\u2019enfer de Kaboul avant qu\u2019il ne soit trop tard\u2026<\/p>\n<p>Inspir\u00e9 d\u2019une histoire vraie, 13 jours 13 nuits est un film sous pression et offre du grand spectacle. Gr\u00e2ce \u00e0 sa ma\u00eetrise pr\u00e9cise et des acteurs convaincants, Roschdy Zem et Lyna Khoudri, le long m\u00e9trage marque les spectateurs d\u2019AlloCin\u00e9 (3,9 sur 5). La presse est un peu moins emball\u00e9e avec la moyenne de 2,9 sur 5.<\/p>\n<p> Au rythme de Vera <\/p>\n<p>Vous ne connaissez s\u00fbrement pas Vera Brandes, mais c\u2019est gr\u00e2ce \u00e0 cette jeune allemande que l\u2019un des plus grands concerts de jazz de tous les temps a pu se faire en 1975. Jeune, sans dipl\u00f4me, sans r\u00e9seau, mais rempli d\u2019ambitions et de motivations, Vera va tout mettre en \u0153uvre pour permettre au ph\u00e9nom\u00e9nal Keith Jarrett \u00e0 l\u2019Op\u00e9ra de Cologne. Gr\u00e2ce \u00e0 son audace et \u00e0 sa d\u00e9termination, Vera Brandes va donner naissance \u00e0 l\u2019un des enregistrements mythiques du si\u00e8cle dernier, The K\u00f6ln Concert.<\/p>\n<p>Ayant aussi bien s\u00e9duit la presse et les spectateurs d\u2019AlloCin\u00e9, avec la note de 3,4 sur 5, Au rythme de Vera s\u2019int\u00e9resse \u00e0 une h\u00e9ro\u00efne invisible, dont personne ou presque ne parle, plut\u00f4t qu\u2019au g\u00e9nie du jazz qu\u2019elle aime tant. C\u2019est ainsi que le long m\u00e9trage nous invite dans les coulisses d\u2019un moment d\u2019exception avec une bande originale vibrant et des acteurs convaincants. \u00c0 ne pas manquer dans les salles obscures.<\/p>\n<blockquote>\n<p class=\"text-base text-neutral-700 dark:text-neutral-300\">\ud83d\udccd Pour ne manquer aucune actualit\u00e9 de Presse-citron, suivez-nous sur <a href=\"https:\/\/news.google.com\/publications\/CAAqBggKMIPiNTC70wU?hl=fr&amp;gl=FR&amp;ceid=FR%3Afr\" target=\"_blank\" rel=\"noopener\">Google Actualit\u00e9s<\/a> et <a href=\"https:\/\/whatsapp.com\/channel\/0029VaCkGuz4NViitBXbEr0b\" target=\"_blank\" rel=\"noopener\">WhatsApp<\/a>.<\/p>\n<\/blockquote>\n","protected":false},"excerpt":{"rendered":"Bon week-end \u00e0 tous\u00a0! Alors que la France est frapp\u00e9e par une vague de chaleur d\u2019exception, vous avez&hellip;\n","protected":false},"author":2,"featured_media":209587,"comment_status":"","ping_status":"","sticky":false,"template":"","format":"standard","meta":{"footnotes":""},"categories":[1354],"tags":[58,59,1346,1011,27,3666,1360],"class_list":{"0":"post-209586","1":"post","2":"type-post","3":"status-publish","4":"format-standard","5":"has-post-thumbnail","7":"category-films","8":"tag-divertissement","9":"tag-entertainment","10":"tag-films","11":"tag-fr","12":"tag-france","13":"tag-guide-cine","14":"tag-movies"},"share_on_mastodon":{"url":"https:\/\/pubeurope.com\/@fr\/114758053120058447","error":""},"_links":{"self":[{"href":"https:\/\/www.europesays.com\/fr\/wp-json\/wp\/v2\/posts\/209586","targetHints":{"allow":["GET"]}}],"collection":[{"href":"https:\/\/www.europesays.com\/fr\/wp-json\/wp\/v2\/posts"}],"about":[{"href":"https:\/\/www.europesays.com\/fr\/wp-json\/wp\/v2\/types\/post"}],"author":[{"embeddable":true,"href":"https:\/\/www.europesays.com\/fr\/wp-json\/wp\/v2\/users\/2"}],"replies":[{"embeddable":true,"href":"https:\/\/www.europesays.com\/fr\/wp-json\/wp\/v2\/comments?post=209586"}],"version-history":[{"count":0,"href":"https:\/\/www.europesays.com\/fr\/wp-json\/wp\/v2\/posts\/209586\/revisions"}],"wp:featuredmedia":[{"embeddable":true,"href":"https:\/\/www.europesays.com\/fr\/wp-json\/wp\/v2\/media\/209587"}],"wp:attachment":[{"href":"https:\/\/www.europesays.com\/fr\/wp-json\/wp\/v2\/media?parent=209586"}],"wp:term":[{"taxonomy":"category","embeddable":true,"href":"https:\/\/www.europesays.com\/fr\/wp-json\/wp\/v2\/categories?post=209586"},{"taxonomy":"post_tag","embeddable":true,"href":"https:\/\/www.europesays.com\/fr\/wp-json\/wp\/v2\/tags?post=209586"}],"curies":[{"name":"wp","href":"https:\/\/api.w.org\/{rel}","templated":true}]}}