{"id":209588,"date":"2025-06-28T00:01:10","date_gmt":"2025-06-28T00:01:10","guid":{"rendered":"https:\/\/www.europesays.com\/fr\/209588\/"},"modified":"2025-06-28T00:01:10","modified_gmt":"2025-06-28T00:01:10","slug":"dans-lorne-ils-brisent-la-glace","status":"publish","type":"post","link":"https:\/\/www.europesays.com\/fr\/209588\/","title":{"rendered":"dans l\u2019Orne, ils brisent la glace"},"content":{"rendered":"<p>            Par<br \/>\n        <strong><br \/>\n            <a href=\"https:\/\/actu.fr\/auteur\/romain-michel\" title=\"Consulter tous les articles de Romain Michel\" target=\"_blank\" rel=\"noopener\">Romain Michel<\/a><br \/>\n        <\/strong><\/p>\n<p>        Publi\u00e9 le<\/p>\n<p>            27 juin 2025 \u00e0 17h41        <\/p>\n<p>\u00ab\u2009\u00c0 nos \u00e2ges, on a<b> besoin de s\u2019\u00e9panouir sexuellement.\u2009<\/b>\u00bb Vieillir, plaisir et d\u00e9sir\u2009: ce sont les trois mots-cl\u00e9s <a href=\"https:\/\/actu.fr\/loisirs-culture\/theatre\" target=\"_blank\" rel=\"noopener\">du th\u00e9\u00e2tre<\/a> interactif propos\u00e9 \u00e0 <a href=\"https:\/\/actu.fr\/normandie\/athis-val-de-rouvre_61007\" target=\"_blank\" rel=\"noopener\">Athis-Val-de-Rouvre<\/a> (<b>Orne<\/b>), ce mardi 24\u00a0juin 2025. Une animation effectu\u00e9e dans le cadre du bus <a href=\"https:\/\/actu.fr\/tag\/famille\" target=\"_blank\" rel=\"noopener\">des familles<\/a>, pr\u00e9sent pendant trois semaines sur la commune.<br \/>Une activit\u00e9 autour <a href=\"https:\/\/actu.fr\/tag\/sexe\" target=\"_blank\" rel=\"noopener\">de la sexualit\u00e9<\/a> et de la vie affective <a href=\"https:\/\/actu.fr\/tag\/seniors\" target=\"_blank\" rel=\"noopener\">des seniors<\/a>\u2009: <b>comment bien vieillir en couple.<\/b><\/p>\n<p>Vie affective et sexuelle<\/p>\n<p class=\" wall-content\">Des \u00e9clats de rire r\u00e9sonnent dans la salle. Devant une trentaine de participants, la troupe de th\u00e9\u00e2tre d\u2019improvisation Mac\u00e9doine joue <b>trois sayn\u00e8tes de la vie quotidienne<\/b> et questionne le public sur ce qui peut \u00eatre am\u00e9lior\u00e9.<\/p>\n<p class=\" wall-content\">Ici, un couple qui se rend <a href=\"https:\/\/actu.fr\/tag\/medecins\" target=\"_blank\" rel=\"noopener\">chez le m\u00e9decin<\/a> pour <b>parler des questions intimes.<\/b> S\u00e9cheresse vaginale, panne sexuelle chez l\u2019homme\u2026<\/p>\n<blockquote class=\"ac-article-quote wall-content\">\n<p>Est-ce que c\u2019est vraiment l\u2019endroit pour parler de \u00e7a\u2009?<\/p>\n<p>Com\u00e9dien de la troupe de th\u00e9\u00e2tre d\u2019improvisation Mac\u00e9doine<\/p><\/blockquote>\n<p class=\" wall-content\">\u00ab\u2009Oui, mais il faut un discours plus aidant et orientant. <a href=\"https:\/\/actu.fr\/tag\/sante\" target=\"_blank\" rel=\"noopener\">Le m\u00e9decin<\/a> n\u2019est pas \u00e0 l\u2019\u00e9coute\u2009\u00bb, r\u00e9pond l\u2019audience. \u00ab\u2009On ne peut pas en parler aux voisins, donc <b>c\u2019est important d\u2019en parler entre nous.<\/b> Est-ce qu\u2019on s\u2019assume\u2009? Est-ce qu\u2019on en discute ensemble\u2009?\u2009\u00bb<\/p>\n<p>Les spectateurs apportent les solutions<\/p>\n<p class=\" wall-content\">L\u2019interaction se fait avec le public et la glace se brise au fil de la discussion. \u00ab\u2009L\u2019id\u00e9e, c\u2019est qu\u2019ils ne soient pas spectateurs, <b>mais apportent des solutions<\/b>\u2009\u00bb, indiquent les membres de la troupe de th\u00e9\u00e2tre.<\/p>\n<blockquote class=\"ac-article-quote wall-content\">\n<p>Il y a un \u00e9change avec le public. Le r\u00f4le des com\u00e9diens est de ne rien r\u00e9soudre, ce sont les participants qui doivent r\u00e9pondre.<\/p>\n<p>Com\u00e9dien de la troupe de th\u00e9\u00e2tre d\u2019improvisation Mac\u00e9doine<\/p><\/blockquote>\n<p class=\" wall-content\">Le th\u00e9\u00e2tre en interaction permet de mettre en lumi\u00e8re de<b> nombreux probl\u00e8mes de la vie de couple.<\/b> \u00ab\u2009Par exemple, le mari est <a href=\"https:\/\/actu.fr\/tag\/retraite\" target=\"_blank\" rel=\"noopener\">en retraite<\/a> depuis plusieurs ann\u00e9es et la femme arrive seulement \u00e0 ce stade. Il y a un d\u00e9calage entre le ressenti de chacun.\u2009\u00bb<\/p>\n<p>Bien vieillir en couple<\/p>\n<p class=\" wall-content\">\u00ab\u2009Ce n\u2019est pas \u00e9vident de se retrouver\u2009\u00bb, t\u00e9moigne Genevi\u00e8ve, une participante. \u00ab\u2009J\u2019ai bouscul\u00e9<b> les habitudes de mon mari<\/b>.\u2009\u00bb \u00c0 travers cet apr\u00e8s-midi, elle a pu passer un moment convivial. \u00ab\u2009C\u2019est agr\u00e9able et int\u00e9ressant. Puis, j\u2019\u00e9tais avec les copains et les copines.\u2009\u00bb<\/p>\n<p class=\" wall-content\">Le lien social, une th\u00e9matique importante pour l\u2019Agirc Arrco, partenaire de l\u2019\u00e9v\u00e8nement dans une salle, mise \u00e0 disposition par la commune. \u00ab\u2009Il ne faut pas rester chez soi. Notre finalit\u00e9 est le <b>bien vieillir, vieillir heureux<\/b>, via <a href=\"https:\/\/actu.fr\/alimentation\" target=\"_blank\" rel=\"noopener\">la nutrition<\/a>, l\u2019activit\u00e9 physique, le sommeil\u2009\u00bb, explique Emmanuel de Vains, d\u2019Agirc Arrco.<\/p>\n<p class=\" wall-content\">\u00ab\u2009Le public \u00e9tait participant et r\u00e9actif sur un th\u00e8me qui n\u2019est pas forc\u00e9ment facile \u00e0 aborder.\u2009\u00bb<\/p>\n<p class=\" wall-content\">Suivez toute l\u2019actualit\u00e9 de vos villes et m\u00e9dias favoris en vous inscrivant \u00e0 <a href=\"https:\/\/moncompte.actu.fr\" title=\"D\u00e9couvez Mon Actu\" rel=\"nofollow noopener\" data-trk=\"{&quot;cta&quot;:{&quot;action&quot;:&quot;https:\\\/\\\/moncompte.actu.fr&quot;,&quot;category&quot;:&quot;mon compte&quot;,&quot;from&quot;:&quot;article footer&quot;,&quot;name&quot;:&quot;Mon actu&quot;,&quot;type&quot;:&quot;cta&quot;}}\" target=\"_blank\">Mon Actu<\/a>.<\/p>\n","protected":false},"excerpt":{"rendered":"Par Romain Michel Publi\u00e9 le 27 juin 2025 \u00e0 17h41 \u00ab\u2009\u00c0 nos \u00e2ges, on a besoin de s\u2019\u00e9panouir&hellip;\n","protected":false},"author":2,"featured_media":209589,"comment_status":"","ping_status":"","sticky":false,"template":"","format":"standard","meta":{"footnotes":""},"categories":[10],"tags":[22362,1011,27,72,71,3552,15436,104],"class_list":{"0":"post-209588","1":"post","2":"type-post","3":"status-publish","4":"format-standard","5":"has-post-thumbnail","7":"category-sante","8":"tag-flers-agglo","9":"tag-fr","10":"tag-france","11":"tag-health","12":"tag-sante","13":"tag-seniors","14":"tag-sexe","15":"tag-societe"},"share_on_mastodon":{"url":"https:\/\/pubeurope.com\/@fr\/114758056998028796","error":""},"_links":{"self":[{"href":"https:\/\/www.europesays.com\/fr\/wp-json\/wp\/v2\/posts\/209588","targetHints":{"allow":["GET"]}}],"collection":[{"href":"https:\/\/www.europesays.com\/fr\/wp-json\/wp\/v2\/posts"}],"about":[{"href":"https:\/\/www.europesays.com\/fr\/wp-json\/wp\/v2\/types\/post"}],"author":[{"embeddable":true,"href":"https:\/\/www.europesays.com\/fr\/wp-json\/wp\/v2\/users\/2"}],"replies":[{"embeddable":true,"href":"https:\/\/www.europesays.com\/fr\/wp-json\/wp\/v2\/comments?post=209588"}],"version-history":[{"count":0,"href":"https:\/\/www.europesays.com\/fr\/wp-json\/wp\/v2\/posts\/209588\/revisions"}],"wp:featuredmedia":[{"embeddable":true,"href":"https:\/\/www.europesays.com\/fr\/wp-json\/wp\/v2\/media\/209589"}],"wp:attachment":[{"href":"https:\/\/www.europesays.com\/fr\/wp-json\/wp\/v2\/media?parent=209588"}],"wp:term":[{"taxonomy":"category","embeddable":true,"href":"https:\/\/www.europesays.com\/fr\/wp-json\/wp\/v2\/categories?post=209588"},{"taxonomy":"post_tag","embeddable":true,"href":"https:\/\/www.europesays.com\/fr\/wp-json\/wp\/v2\/tags?post=209588"}],"curies":[{"name":"wp","href":"https:\/\/api.w.org\/{rel}","templated":true}]}}