{"id":209590,"date":"2025-06-28T00:02:09","date_gmt":"2025-06-28T00:02:09","guid":{"rendered":"https:\/\/www.europesays.com\/fr\/209590\/"},"modified":"2025-06-28T00:02:09","modified_gmt":"2025-06-28T00:02:09","slug":"le-los-angeles-fc-annonce-le-depart-dolivier-giroud-mercato-lafc","status":"publish","type":"post","link":"https:\/\/www.europesays.com\/fr\/209590\/","title":{"rendered":"Le Los Angeles FC annonce le d\u00e9part d&rsquo;Olivier Giroud &#8211; Mercato &#8211; LAFC"},"content":{"rendered":"<p>Oh !<\/p>\n<p>Comme attendu, <strong>le Los Angeles FC a annonc\u00e9 officiellement ce vendredi le d\u00e9part de l\u2019attaquant fran\u00e7ais Olivier Giroud sur <a target=\"_blank\" href=\"https:\/\/x.com\/LAFC\/status\/1938669269451178495\" rel=\"nofollow\">ses r\u00e9seaux sociaux<\/a><\/strong>. Le champion du monde 2018 disputera son dernier match avec le club am\u00e9ricain dans la nuit de dimanche \u00e0 lundi contre les Whitecaps de Vancouver. Arriv\u00e9 en juillet dernier dans la franchise californienne, <strong>l\u2019avant-centre de 38 ans a v\u00e9cu une saison plus que compliqu\u00e9e avec seulement 5 buts inscrits en 37 matches disput\u00e9s<\/strong>. Sous contrat jusqu\u2019en d\u00e9cembre prochain, le champion du monde 2018 devrait <strong><a target=\"_blank\" href=\"https:\/\/www.sofoot.com\/articles\/mercato-ligue-1-larrivee-dolivier-giroud-a-lille-aurait-elle-un-sens-sportif\" rel=\"nofollow noopener\">retrouver la Ligue 1 en signant au LOSC<\/a>, 13 ans apr\u00e8s son d\u00e9part de Montpellier.\u00a0La visite m\u00e9dicale de Giroud serait programm\u00e9e dans les prochains jours. L\u2019ancien buteur, pass\u00e9 aussi par Arsenal et Chelsea, devrait signer un contrat d\u2019un an.\u00a0<\/strong><\/p>\n<blockquote class=\"twitter-tweet-lazy\" data-width=\"500\" data-dnt=\"true\">\n<p lang=\"en\" dir=\"ltr\">\u00ab\u00a0It&rsquo;s yours, my friend!\u00a0\u00bb \ud83c\udfc6<\/p>\n<p>Scored in the Final \u27a1\ufe0f Delivered the Cup to the <a target=\"_blank\" href=\"https:\/\/twitter.com\/LAFC3252?ref_src=twsrc%5Etfw\" rel=\"nofollow noopener\">@LAFC3252<\/a> <a target=\"_blank\" href=\"https:\/\/t.co\/maZileGDqH\" rel=\"nofollow\">pic.twitter.com\/maZileGDqH<\/a><\/p>\n<p>\u2014 LAFC (@LAFC) <a target=\"_blank\" href=\"https:\/\/twitter.com\/LAFC\/status\/1938669269451178495?ref_src=twsrc%5Etfw\" rel=\"nofollow noopener\">June 27, 2025<\/a><\/p>\n<\/blockquote>\n<p>Back home, sweet home \u00ab\u202fGigi\u202f\u00bb.<\/p>\n<p>\t\t\t\t\t\t\t\t\t\t<a class=\"lien-connexe\" href=\"https:\/\/www.sofoot.com\/articles\/mercato-ligue-1-larrivee-dolivier-giroud-a-lille-aurait-elle-un-sens-sportif\" rel=\"nofollow noopener\" target=\"_blank\">Giroud, la tentation de Lille<\/a>\t\t\t\t\t<script async src=\"https:\/\/platform.twitter.com\/widgets.js\" charset=\"utf-8\"><\/script><\/p>\n","protected":false},"excerpt":{"rendered":"Oh ! Comme attendu, le Los Angeles FC a annonc\u00e9 officiellement ce vendredi le d\u00e9part de l\u2019attaquant fran\u00e7ais&hellip;\n","protected":false},"author":2,"featured_media":209591,"comment_status":"","ping_status":"","sticky":false,"template":"","format":"standard","meta":{"footnotes":""},"categories":[9],"tags":[47,61,69,65,64,63,1011,27,68,66,62,70,67,60],"class_list":{"0":"post-209590","1":"post","2":"type-post","3":"status-publish","4":"format-standard","5":"has-post-thumbnail","7":"category-sports","8":"tag-actualite","9":"tag-actus-football","10":"tag-bundesliga","11":"tag-championnats-europeens","12":"tag-equipe-de-france","13":"tag-football","14":"tag-fr","15":"tag-france","16":"tag-ligua","17":"tag-ligue-1","18":"tag-news-foot","19":"tag-premier-league","20":"tag-serie-a","21":"tag-sports"},"share_on_mastodon":{"url":"https:\/\/pubeurope.com\/@fr\/114758060878417676","error":""},"_links":{"self":[{"href":"https:\/\/www.europesays.com\/fr\/wp-json\/wp\/v2\/posts\/209590","targetHints":{"allow":["GET"]}}],"collection":[{"href":"https:\/\/www.europesays.com\/fr\/wp-json\/wp\/v2\/posts"}],"about":[{"href":"https:\/\/www.europesays.com\/fr\/wp-json\/wp\/v2\/types\/post"}],"author":[{"embeddable":true,"href":"https:\/\/www.europesays.com\/fr\/wp-json\/wp\/v2\/users\/2"}],"replies":[{"embeddable":true,"href":"https:\/\/www.europesays.com\/fr\/wp-json\/wp\/v2\/comments?post=209590"}],"version-history":[{"count":0,"href":"https:\/\/www.europesays.com\/fr\/wp-json\/wp\/v2\/posts\/209590\/revisions"}],"wp:featuredmedia":[{"embeddable":true,"href":"https:\/\/www.europesays.com\/fr\/wp-json\/wp\/v2\/media\/209591"}],"wp:attachment":[{"href":"https:\/\/www.europesays.com\/fr\/wp-json\/wp\/v2\/media?parent=209590"}],"wp:term":[{"taxonomy":"category","embeddable":true,"href":"https:\/\/www.europesays.com\/fr\/wp-json\/wp\/v2\/categories?post=209590"},{"taxonomy":"post_tag","embeddable":true,"href":"https:\/\/www.europesays.com\/fr\/wp-json\/wp\/v2\/tags?post=209590"}],"curies":[{"name":"wp","href":"https:\/\/api.w.org\/{rel}","templated":true}]}}