{"id":209598,"date":"2025-06-28T00:06:16","date_gmt":"2025-06-28T00:06:16","guid":{"rendered":"https:\/\/www.europesays.com\/fr\/209598\/"},"modified":"2025-06-28T00:06:16","modified_gmt":"2025-06-28T00:06:16","slug":"donald-trump-assure-quun-cessez-le-feu-a-gaza-est-proche","status":"publish","type":"post","link":"https:\/\/www.europesays.com\/fr\/209598\/","title":{"rendered":"Donald Trump assure qu\u2019un cessez-le-feu \u00e0 Gaza est \u00abproche\u00bb"},"content":{"rendered":"<p>Le pr\u00e9sident am\u00e9ricain a estim\u00e9 vendredi que la fin de la guerre entre Isra\u00ebl et le Hamas pourrait intervenir d\u00e8s \u00abla semaine prochaine\u00bb.<\/p>\n<p class=\"fig-paragraph\"><a href=\"https:\/\/www.lefigaro.fr\/tag\/donald-trump\" target=\"_blank\" rel=\"noopener\" data-gtm-custom-categorie=\"navigation\" data-gtm-custom-action=\"crossclick\" data-gtm-custom-label=\"Contextuel\" data-gtm-event=\"customEventSPE\">Donald Trump<\/a>\u00a0a assur\u00e9 vendredi 27 juin qu\u2019un cessez-le-feu entre Isra\u00ebl et le Hamas \u00e0\u00a0<a href=\"https:\/\/www.lefigaro.fr\/tag\/gaza\" target=\"_blank\" rel=\"noopener\" data-gtm-custom-categorie=\"navigation\" data-gtm-custom-action=\"crossclick\" data-gtm-custom-label=\"Contextuel\" data-gtm-event=\"customEventSPE\">Gaza<\/a>\u00a0\u00e9tait \u00abproche\u00bb et pourrait intervenir d\u00e8s \u00abla semaine prochaine\u00bb pour mettre fin \u00e0 la guerre d\u00e9vastatrice qui fait rage depuis plus de 20 mois dans le territoire palestinien. \u00abNous pensons que nous aurons un cessez-le-feu d\u00e8s la semaine prochaine\u00bb, a d\u00e9clar\u00e9 le pr\u00e9sident am\u00e9ricain \u00e0 la Maison-Blanche, o\u00f9 il recevait des ministres de la R\u00e9publique d\u00e9mocratique du Congo et du Rwanda peu apr\u00e8s la signature d\u2019un accord de paix entre ces deux pays. Le pr\u00e9sident am\u00e9ricain avait d\u00e9j\u00e0 d\u00e9clar\u00e9 mercredi que de \u00abgrands progr\u00e8s\u00bb avaient \u00e9t\u00e9 r\u00e9alis\u00e9s en vue d\u2019un cessez-le-feu pour mettre fin \u00e0 la guerre dans le territoire palestinien, d\u00e9clench\u00e9e par l\u2019attaque sans pr\u00e9c\u00e9dent du Hamas contre Isra\u00ebl le 7 octobre 2023.<\/p>\n<p class=\"fig-paragraph\">Le pr\u00e9sident am\u00e9ricain a encore indiqu\u00e9 que \u00abnous fournissons, comme vous le savez, beaucoup d\u2019argent et de nourriture \u00e0 cette zone\u00bb, soulignant que les \u00c9tats-Unis \u00e9taient \u00abimpliqu\u00e9s parce que les gens meurent\u00bb. \u00abEt regardez ces foules de gens qui n\u2019ont rien \u00e0 manger, rien du tout\u00bb, a-t-il dit. Isra\u00ebl a impos\u00e9 d\u00e9but mars au territoire palestinien un blocus humanitaire qui a entra\u00een\u00e9 de tr\u00e8s graves p\u00e9nuries de nourriture, m\u00e9dicaments et autres biens de premi\u00e8re n\u00e9cessit\u00e9. Le blocus n\u2019a \u00e9t\u00e9 que partiellement assoupli fin mai, date \u00e0 laquelle la Fondation humanitaire de Gaza (GHF), soutenue par Isra\u00ebl et les \u00c9tats-Unis, a commenc\u00e9 ses distributions dans des centres. Les \u00c9tats-Unis ont annonc\u00e9 jeudi avoir d\u00e9bloqu\u00e9 30 millions de dollars pour financer cette fondation, dont les op\u00e9rations de distribution d\u2019aide donnent lieu r\u00e9guli\u00e8rement \u00e0 des sc\u00e8nes chaotiques et meurtri\u00e8res..<\/p>\n","protected":false},"excerpt":{"rendered":"Le pr\u00e9sident am\u00e9ricain a estim\u00e9 vendredi que la fin de la guerre entre Isra\u00ebl et le Hamas pourrait&hellip;\n","protected":false},"author":2,"featured_media":209599,"comment_status":"","ping_status":"","sticky":false,"template":"","format":"standard","meta":{"footnotes":""},"categories":[5],"tags":[259,11,260,75,1011,27,665,14,261,12,262,28],"class_list":{"0":"post-209598","1":"post","2":"type-post","3":"status-publish","4":"format-standard","5":"has-post-thumbnail","7":"category-international","8":"tag-actualite-internationale","9":"tag-actualites","10":"tag-affaires-etrangeres","11":"tag-donald-trump","12":"tag-fr","13":"tag-france","14":"tag-gaza","15":"tag-international","16":"tag-ministere-des-affaires-etrangeres","17":"tag-news","18":"tag-politique-etrangere","19":"tag-world"},"share_on_mastodon":{"url":"https:\/\/pubeurope.com\/@fr\/114758076588414069","error":""},"_links":{"self":[{"href":"https:\/\/www.europesays.com\/fr\/wp-json\/wp\/v2\/posts\/209598","targetHints":{"allow":["GET"]}}],"collection":[{"href":"https:\/\/www.europesays.com\/fr\/wp-json\/wp\/v2\/posts"}],"about":[{"href":"https:\/\/www.europesays.com\/fr\/wp-json\/wp\/v2\/types\/post"}],"author":[{"embeddable":true,"href":"https:\/\/www.europesays.com\/fr\/wp-json\/wp\/v2\/users\/2"}],"replies":[{"embeddable":true,"href":"https:\/\/www.europesays.com\/fr\/wp-json\/wp\/v2\/comments?post=209598"}],"version-history":[{"count":0,"href":"https:\/\/www.europesays.com\/fr\/wp-json\/wp\/v2\/posts\/209598\/revisions"}],"wp:featuredmedia":[{"embeddable":true,"href":"https:\/\/www.europesays.com\/fr\/wp-json\/wp\/v2\/media\/209599"}],"wp:attachment":[{"href":"https:\/\/www.europesays.com\/fr\/wp-json\/wp\/v2\/media?parent=209598"}],"wp:term":[{"taxonomy":"category","embeddable":true,"href":"https:\/\/www.europesays.com\/fr\/wp-json\/wp\/v2\/categories?post=209598"},{"taxonomy":"post_tag","embeddable":true,"href":"https:\/\/www.europesays.com\/fr\/wp-json\/wp\/v2\/tags?post=209598"}],"curies":[{"name":"wp","href":"https:\/\/api.w.org\/{rel}","templated":true}]}}