{"id":209608,"date":"2025-06-28T00:11:32","date_gmt":"2025-06-28T00:11:32","guid":{"rendered":"https:\/\/www.europesays.com\/fr\/209608\/"},"modified":"2025-06-28T00:11:32","modified_gmt":"2025-06-28T00:11:32","slug":"chaligny-lharmonie-de-chaligny-et-les-gens-dair-ont-enchante-la-salle-dominioni","status":"publish","type":"post","link":"https:\/\/www.europesays.com\/fr\/209608\/","title":{"rendered":"Chaligny. L\u2019harmonie de Chaligny et les Gens d\u2019Air ont enchant\u00e9 la salle Dominioni"},"content":{"rendered":"<p>L\u2019harmonie de Chaligny et celle de Grange-Aumontzey, les Gens d\u2019Air, ont r\u00e9cemment donn\u00e9 un concert \u00e0 deux voix qui a conquis le public. Au programme des deux formations, musiques de film, medley de grands tubes fran\u00e7ais ou anglo-saxons, Boney M, Rolling Stones, Phil Collins ou autres Bonnie Tyler.<\/p>\n<p>Le savoir-faire de Myriam Didier, la jeune cheffe des Gens d\u2019Air, a impressionn\u00e9. Elle r\u00e9ussit \u00e0 faire jouer tout le monde ensemble, avec une ambiance de l\u00e9g\u00e8ret\u00e9 plaisante.<\/p>\n","protected":false},"excerpt":{"rendered":"L\u2019harmonie de Chaligny et celle de Grange-Aumontzey, les Gens d\u2019Air, ont r\u00e9cemment donn\u00e9 un concert \u00e0 deux voix&hellip;\n","protected":false},"author":2,"featured_media":209609,"comment_status":"","ping_status":"","sticky":false,"template":"","format":"standard","meta":{"footnotes":""},"categories":[9635],"tags":[1111,11,9848,23797,1687,1704,1777,674,1011,27,775,873,1702,12,25],"class_list":{"0":"post-209608","1":"post","2":"type-post","3":"status-publish","4":"format-standard","5":"has-post-thumbnail","7":"category-nancy","8":"tag-actu","9":"tag-actualites","10":"tag-cc-moselle-et-madon-54b","11":"tag-chaligny","12":"tag-culture-loisirs","13":"tag-edition-nancy-et-agglomeration","14":"tag-eu","15":"tag-europe","16":"tag-fr","17":"tag-france","18":"tag-grand-est","19":"tag-musique","20":"tag-nancy","21":"tag-news","22":"tag-republique-francaise"},"share_on_mastodon":{"url":"https:\/\/pubeurope.com\/@fr\/114758096254294272","error":""},"_links":{"self":[{"href":"https:\/\/www.europesays.com\/fr\/wp-json\/wp\/v2\/posts\/209608","targetHints":{"allow":["GET"]}}],"collection":[{"href":"https:\/\/www.europesays.com\/fr\/wp-json\/wp\/v2\/posts"}],"about":[{"href":"https:\/\/www.europesays.com\/fr\/wp-json\/wp\/v2\/types\/post"}],"author":[{"embeddable":true,"href":"https:\/\/www.europesays.com\/fr\/wp-json\/wp\/v2\/users\/2"}],"replies":[{"embeddable":true,"href":"https:\/\/www.europesays.com\/fr\/wp-json\/wp\/v2\/comments?post=209608"}],"version-history":[{"count":0,"href":"https:\/\/www.europesays.com\/fr\/wp-json\/wp\/v2\/posts\/209608\/revisions"}],"wp:featuredmedia":[{"embeddable":true,"href":"https:\/\/www.europesays.com\/fr\/wp-json\/wp\/v2\/media\/209609"}],"wp:attachment":[{"href":"https:\/\/www.europesays.com\/fr\/wp-json\/wp\/v2\/media?parent=209608"}],"wp:term":[{"taxonomy":"category","embeddable":true,"href":"https:\/\/www.europesays.com\/fr\/wp-json\/wp\/v2\/categories?post=209608"},{"taxonomy":"post_tag","embeddable":true,"href":"https:\/\/www.europesays.com\/fr\/wp-json\/wp\/v2\/tags?post=209608"}],"curies":[{"name":"wp","href":"https:\/\/api.w.org\/{rel}","templated":true}]}}