{"id":209612,"date":"2025-06-28T00:13:16","date_gmt":"2025-06-28T00:13:16","guid":{"rendered":"https:\/\/www.europesays.com\/fr\/209612\/"},"modified":"2025-06-28T00:13:16","modified_gmt":"2025-06-28T00:13:16","slug":"stage-en-juillet-a-la-valette","status":"publish","type":"post","link":"https:\/\/www.europesays.com\/fr\/209612\/","title":{"rendered":"stage en juillet \u00e0 La Valette"},"content":{"rendered":"<p>\t\t\t\t\t\t\t\tD\u00e9couvrez le Shiatsu, une pratique ancestrale pour harmoniser votre \u00e9nergie et retrouver le bien-\u00eatre !<\/p>\n<p class=\"ai-optimize-7 ai-optimize-introduction\">Reconnectez-vous \u00e0 votre \u00e9nergie int\u00e9rieure cet \u00e9t\u00e9 gr\u00e2ce \u00e0 une initiation unique au\u00a0<strong>Shiatsu<\/strong>\u00a0et \u00e0 l\u2019<strong>\u00e9nerg\u00e9tique chinoise<\/strong>, encadr\u00e9e par\u00a0<strong>Nathalie Vitry<\/strong>, praticienne exp\u00e9riment\u00e9e depuis plus de 30 ans.<\/p>\n<p class=\"ai-optimize-8\"><strong>Stage d\u2019initiation au Shiatsu \u2013 du 7 au 11 juillet 2025<\/strong><br \/><strong>Dojo Esprit Zen \u2013 La Valette-du-Var<\/strong><\/p>\n<p><img loading=\"lazy\" decoding=\"async\" class=\"size-full wp-image-54765\" src=\"https:\/\/www.europesays.com\/fr\/wp-content\/uploads\/2025\/06\/shiatsu-stage-juillet2025-la-valette-du-var-info83.jpg\" alt=\"Shiatsu\" width=\"452\" height=\"640\"  \/>Stage d\u2019initiation au Shiatsu \u2013 du 7 au 11 juillet 2025<br \/>Dojo Esprit Zen \u2013 La Valette-du-Var<br \/>\nCe stage de 30 heures sur 5 jours\u00a0s\u2019adresse \u00e0 toutes celles et ceux qui souhaitent :<\/p>\n<ul>\n<li class=\"ai-optimize-9\"><strong>D\u00e9couvrir une pratique de bien-\u00eatre puissante<\/strong>, ancr\u00e9e dans la tradition orientale<\/li>\n<li class=\"ai-optimize-9\"><strong>Explorer une voie de reconversion professionnelle<\/strong>\u00a0tourn\u00e9e vers l\u2019humain et le soin<\/li>\n<li class=\"ai-optimize-9\">Int\u00e9grer un <strong>organisme de formation reconnu<\/strong>, qui forme des praticiens de Shiatsu<\/li>\n<\/ul>\n<p class=\"ai-optimize-6\"><strong>Au programme<\/strong>\u00a0:<\/p>\n<ul>\n<li class=\"ai-optimize-10\">M\u00e9ditation<\/li>\n<li class=\"ai-optimize-10\">Do-in (auto-massage)<\/li>\n<li class=\"ai-optimize-10\">An Kyo (\u00e9tirements et ancrage)<\/li>\n<li class=\"ai-optimize-10\">Qi Gong (exercices de long\u00e9vit\u00e9)<\/li>\n<li class=\"ai-optimize-11\">Pratique du Shiatsu : toucher, \u00e9coute, pr\u00e9sence<\/li>\n<li class=\"ai-optimize-12\">D\u00e9veloppement de la perception de l\u2019\u00e9nergie<\/li>\n<li class=\"ai-optimize-13\">R\u00e9\u00e9quilibrage \u00e9nerg\u00e9tique<\/li>\n<\/ul>\n<blockquote>\n<p class=\"ai-optimize-14\">Ce stage est <strong>la porte d\u2019entr\u00e9e id\u00e9ale<\/strong>\u00a0pour d\u00e9couvrir l\u2019univers du Shiatsu et pourquoi pas,\u00a0<strong>initier un nouveau chemin professionnel<\/strong>.<\/p>\n<\/blockquote>\n<p>Jeu concours sp\u00e9cial d\u00e9couverte !<\/p>\n<p class=\"ai-optimize-15\">Du <strong>27 juin au 2 juillet 2025<\/strong>, tentez de\u00a0<strong>gagner 1 journ\u00e9e gratuite de stage<\/strong>.<\/p>\n<p class=\"ai-optimize-15\"><strong>5 gagnants<\/strong>\u00a0seront s\u00e9lectionn\u00e9s : chacun b\u00e9n\u00e9ficiera d\u2019une\u00a0<strong>journ\u00e9e offerte<\/strong>\u00a0(pour chacun des jours de la semaine) pour d\u00e9couvrir la pratique et rencontrer l\u2019enseignante.<\/p>\n<p class=\"ai-optimize-16\">En partenariat avec <strong>INFO83<\/strong>\u00a0et le\u00a0<strong>Dojo Esprit Zen<\/strong><br \/>Rendez-vous sur le <strong>Facebook d\u2019INFO83<\/strong>\u00a0pour participer !<\/p>\n<p class=\"ai-optimize-17\"><strong><a href=\"http:\/\/www.shiatsu-var.com\" target=\"_blank\" rel=\"noopener\">Infos ici<\/a><br \/><\/strong><\/p>\n<p class=\"ai-optimize-18\"><strong>Inscriptions\u00a0:<\/strong><br \/>Nathalie Vitry \u2013 06 14 59 75 57<br \/>senseneveil83@gmail.com<\/p>\n<p>Les cours propos\u00e9s par le Dojo Esprit Zen \u00e0 La Valette-du-Var<\/p>\n<p class=\"ai-optimize-6 ai-optimize-introduction\"><strong>\u00a0<\/strong><\/p>\n<p class=\"ai-optimize-7\"><strong>A voir aussi :<\/strong><\/p>\n<p class=\"jeg_post_title ai-optimize-6\"><a href=\"https:\/\/www.info83.fr\/bougez-pour-votre-bien-etre-au-travail\/\" target=\"_blank\" rel=\"noopener\">Bougez pour votre bien-\u00eatre au travail<\/a><\/p>\n<p class=\"ai-optimize-7\"><strong>\u00a0<\/strong><\/p>\n<p class=\"ai-optimize-8\"><strong><img decoding=\"async\" class=\"emoji\" role=\"img\" draggable=\"false\" src=\"https:\/\/s.w.org\/images\/core\/emoji\/13.1.0\/svg\/1f538.svg\" alt=\"\ud83d\udd38\" data-pin-no-hover=\"true\"\/>Info83, le Var proche de vous<br \/><\/strong><\/p>\n<p class=\"ai-optimize-9\"><img decoding=\"async\" class=\"emoji\" role=\"img\" draggable=\"false\" src=\"https:\/\/s.w.org\/images\/core\/emoji\/13.1.0\/svg\/27a1.svg\" alt=\"\u27a1\ufe0f\" data-pin-no-hover=\"true\"\/>\u00a0<a href=\"https:\/\/bit.ly\/2OZZMMK\" target=\"_blank\" rel=\"noopener noreferrer\">Facebook Info83<\/a><\/p>\n<p class=\"ai-optimize-10\"><img decoding=\"async\" class=\"emoji\" role=\"img\" draggable=\"false\" src=\"https:\/\/s.w.org\/images\/core\/emoji\/13.1.0\/svg\/27a1.svg\" alt=\"\u27a1\ufe0f\" data-pin-no-hover=\"true\"\/>\u00a0<a href=\"https:\/\/bit.ly\/2ONkTC9\" target=\"_blank\" rel=\"noopener noreferrer\">Youtube Info83<\/a><\/p>\n<p>\u00a0<\/p>\n","protected":false},"excerpt":{"rendered":"D\u00e9couvrez le Shiatsu, une pratique ancestrale pour harmoniser votre \u00e9nergie et retrouver le bien-\u00eatre ! Reconnectez-vous \u00e0 votre&hellip;\n","protected":false},"author":2,"featured_media":209613,"comment_status":"","ping_status":"","sticky":false,"template":"","format":"standard","meta":{"footnotes":""},"categories":[9619],"tags":[1111,11,34864,34865,34866,1777,674,1011,27,18323,4992,12,882,34867,34868,25,34869,2310],"class_list":{"0":"post-209612","1":"post","2":"type-post","3":"status-publish","4":"format-standard","5":"has-post-thumbnail","7":"category-toulon","8":"tag-actu","9":"tag-actualites","10":"tag-do-in","11":"tag-dojo-esprit-zen","12":"tag-energetique-chinoise","13":"tag-eu","14":"tag-europe","15":"tag-fr","16":"tag-france","17":"tag-la-valette-du-var","18":"tag-meditation","19":"tag-news","20":"tag-provence-alpes-cote-dazur","21":"tag-qi-gong","22":"tag-reequilibrage-energetique","23":"tag-republique-francaise","24":"tag-shiatsu","25":"tag-toulon"},"share_on_mastodon":{"url":"https:\/\/pubeurope.com\/@fr\/114758104506565842","error":""},"_links":{"self":[{"href":"https:\/\/www.europesays.com\/fr\/wp-json\/wp\/v2\/posts\/209612","targetHints":{"allow":["GET"]}}],"collection":[{"href":"https:\/\/www.europesays.com\/fr\/wp-json\/wp\/v2\/posts"}],"about":[{"href":"https:\/\/www.europesays.com\/fr\/wp-json\/wp\/v2\/types\/post"}],"author":[{"embeddable":true,"href":"https:\/\/www.europesays.com\/fr\/wp-json\/wp\/v2\/users\/2"}],"replies":[{"embeddable":true,"href":"https:\/\/www.europesays.com\/fr\/wp-json\/wp\/v2\/comments?post=209612"}],"version-history":[{"count":0,"href":"https:\/\/www.europesays.com\/fr\/wp-json\/wp\/v2\/posts\/209612\/revisions"}],"wp:featuredmedia":[{"embeddable":true,"href":"https:\/\/www.europesays.com\/fr\/wp-json\/wp\/v2\/media\/209613"}],"wp:attachment":[{"href":"https:\/\/www.europesays.com\/fr\/wp-json\/wp\/v2\/media?parent=209612"}],"wp:term":[{"taxonomy":"category","embeddable":true,"href":"https:\/\/www.europesays.com\/fr\/wp-json\/wp\/v2\/categories?post=209612"},{"taxonomy":"post_tag","embeddable":true,"href":"https:\/\/www.europesays.com\/fr\/wp-json\/wp\/v2\/tags?post=209612"}],"curies":[{"name":"wp","href":"https:\/\/api.w.org\/{rel}","templated":true}]}}