{"id":209616,"date":"2025-06-28T00:15:27","date_gmt":"2025-06-28T00:15:27","guid":{"rendered":"https:\/\/www.europesays.com\/fr\/209616\/"},"modified":"2025-06-28T00:15:27","modified_gmt":"2025-06-28T00:15:27","slug":"montpellier-danse-la-ville-lui-rend-hommage-jean-paul-montanari-epris-de-cour","status":"publish","type":"post","link":"https:\/\/www.europesays.com\/fr\/209616\/","title":{"rendered":"Montpellier Danse. La ville lui rend hommage, Jean-Paul Montanari \u00ab\u00a0\u00e9pris de cour\u00a0\u00bb"},"content":{"rendered":"<p>            Par<br \/>\n        <strong><br \/>\n            <a href=\"https:\/\/actu.fr\/auteur\/g-martin\" title=\"Consulter tous les articles de Gil Martin\" target=\"_blank\" rel=\"noopener\">Gil Martin<\/a><br \/>\n        <\/strong><\/p>\n<p>        Publi\u00e9 le<\/p>\n<p>            27 juin 2025 \u00e0 15h31        <\/p>\n<p>Pour la premi\u00e8re fois en plus de 40 ans, <strong>Jean-Paul Montanari<\/strong> n\u2019assistera pas au <strong>festival Montpellier Danse<\/strong> dont il a pourtant chor\u00e9graphi\u00e9 <a href=\"https:\/\/actu.fr\/occitanie\/montpellier_34172\/festival-cet-ete-pluie-d-etoiles-sur-montpellier-danse-2025_62410688.html\" target=\"_blank\" rel=\"noopener\">la programmation de la 45\u00e8me et flamboyante \u00e9dition<\/a> 2025. L\u2019homme en noir a d\u00e9finitivement quitt\u00e9 la sc\u00e8ne le 25 avril dernier, \u00e0 77 ans, mais son souvenir continuera d\u2019accompagner les Montpelli\u00e9rains.<\/p>\n<p>La cour Montanari \u00e0 l\u2019Agora<\/p>\n<p class=\" wall-content\">Ce jeudi 26 juin, un hommage vibrant a \u00e9t\u00e9 rendu \u00e0 l\u2019historique directeur de Montpellier Danse dans <strong>la cour de l\u2019Agora<\/strong>, la Cit\u00e9 internationale de la danse, o\u00f9 cette cour porte d\u00e9sormais son nom\u2026 Pour cet hommage, en plein c\u0153ur du festival, le public a r\u00e9pondu pr\u00e9sent, mais aussi des artistes pour qui Jean-Paul Montanari fut plus qu\u2019un directeur de festival.<\/p>\n<p>    <img   decoding=\"async\" loading=\"lazy\" src=\"https:\/\/www.europesays.com\/fr\/wp-content\/uploads\/2025\/06\/photo-quatuor-960x640.jpg\" alt=\"Le quatuor appel\u00e9 \u00e0 ditrger Montpellier Danse (Dominique Hervieu, Hofesh Schechter, Jann Gallois et Pierre Martinez) \u00e9galement pr\u00e9sent pour l'hommage \u00e0 Jean-Paul Montanari\" width=\"960\" height=\"640\"\/><br \/>\n    Le quatuor appel\u00e9 \u00e0 dirrger Montpellier Danse (Jann Gallois, Hofesh Schechter, Pierre Martinez et Dominique Hervieu) \u00e9galement pr\u00e9sent pour l\u2019hommage \u00e0 Jean-Paul Montanari (\u00a9M\u00e9tropolitain)L\u2019hommage des danseurs<\/p>\n<p class=\" wall-content\">Trois danseurs et chor\u00e9graphes, Fabrice Ramalingom, Mathilde Monnier et Salia Sanou ont dans\u00e9 pour honorer la figure autoritaire de l\u2019inamovible directeur, sous les yeux d\u2019\u00e9lus (dont <strong>Micha\u00ebl Delafosse<\/strong>), de personnalit\u00e9s de la ville, mais aussi en pr\u00e9sence des quatre membres <strong>de la nouvelle direction de Montpellier Danse<\/strong>, Dominique Hervieu, Hofesh Schechter, Jann Gallois et Pierre Martinez.<\/p>\n<blockquote class=\"ac-article-quote wall-content\">\n<p>\u00ab\u00a0L&rsquo;impressionnante liste des chor\u00e9graphes qui sont venus danser ici montre bien l\u2019envergure artistique du projet que Jean-Paul a port\u00e9 pendant plus de quarante ans\u00a0\u00bb<\/p>\n<p>    <strong>Micha\u00ebl Delafosse<\/strong><br \/>\n        Maire de Montpellier    <\/p><\/blockquote>\n<p>Vid\u00e9os : en ce moment sur Actu<\/p>\n<p class=\" wall-content\">Didier Deschamps, pr\u00e9sident de Montpellier Danse, Mathilde Monnier ou encore Micha\u00ebl Delafosse ont pris la parole pour souligner le travail du c\u00e9l\u00e8bre directeur artistique que le chor\u00e9graphe <strong>Kader Attou<\/strong> a d\u00e9crit comme \u00ab\u00a0un danseur invisible, un homme qui dansait sans jamais monter sur sc\u00e8ne\u00a0\u00bb. Jean-Paul Montanari ne dansait pas, \u00ab\u00a0mais en quatre d\u00e9cennies, il a fait venir plus de<strong> 600 artistes du monde entier<\/strong> \u00e0 Montpellier\u00a0\u00bb, rappelait le maire de Montpellier.<\/p>\n<p>    <img   decoding=\"async\" loading=\"lazy\" src=\"https:\/\/www.europesays.com\/fr\/wp-content\/uploads\/2025\/06\/photo-salia-sanou-960x640.jpg\" alt=\"Salia Sanou, danseur et chor\u00e9graphe, a particip\u00e9 au bapt\u00eame de la cour Montanari\" width=\"960\" height=\"640\"\/><br \/>\n    Salia Sanou, danseur et chor\u00e9graphe, a particip\u00e9 au bapt\u00eame de la cour Montanari (\u00a9M\u00e9tropolitain)L\u2019artiste Montanari<\/p>\n<p class=\" wall-content\">\u00ab Montpellier Danse est un festival unique au monde, et cette impressionnante liste des chor\u00e9graphes qui sont venus danser ici montre bien l\u2019envergure artistique du projet que Jean-Paul a port\u00e9 pendant plus de quarante ans \u00bb, a poursuivi Micha\u00ebl Delafosse\u2026 C\u2019\u00e9tait un artiste lui-aussi, et son nom de sc\u00e8ne \u00e9tait Montanari \u00bb.<\/p>\n<p class=\" wall-content\">Suivez toute l\u2019actualit\u00e9 de vos villes et m\u00e9dias favoris en vous inscrivant \u00e0 <a href=\"https:\/\/moncompte.actu.fr\" title=\"D\u00e9couvez Mon Actu\" rel=\"nofollow noopener\" data-trk=\"{&quot;cta&quot;:{&quot;action&quot;:&quot;https:\\\/\\\/moncompte.actu.fr&quot;,&quot;category&quot;:&quot;mon compte&quot;,&quot;from&quot;:&quot;article footer&quot;,&quot;name&quot;:&quot;Mon actu&quot;,&quot;type&quot;:&quot;cta&quot;}}\" target=\"_blank\">Mon Actu<\/a>.<\/p>\n","protected":false},"excerpt":{"rendered":"Par Gil Martin Publi\u00e9 le 27 juin 2025 \u00e0 15h31 Pour la premi\u00e8re fois en plus de 40&hellip;\n","protected":false},"author":2,"featured_media":209617,"comment_status":"","ping_status":"","sticky":false,"template":"","format":"standard","meta":{"footnotes":""},"categories":[9599],"tags":[1111,11,1777,674,1011,27,2208,12,2680,25,104],"class_list":{"0":"post-209616","1":"post","2":"type-post","3":"status-publish","4":"format-standard","5":"has-post-thumbnail","7":"category-montpellier","8":"tag-actu","9":"tag-actualites","10":"tag-eu","11":"tag-europe","12":"tag-fr","13":"tag-france","14":"tag-montpellier","15":"tag-news","16":"tag-occitanie","17":"tag-republique-francaise","18":"tag-societe"},"share_on_mastodon":{"url":"https:\/\/pubeurope.com\/@fr\/114758112247902845","error":""},"_links":{"self":[{"href":"https:\/\/www.europesays.com\/fr\/wp-json\/wp\/v2\/posts\/209616","targetHints":{"allow":["GET"]}}],"collection":[{"href":"https:\/\/www.europesays.com\/fr\/wp-json\/wp\/v2\/posts"}],"about":[{"href":"https:\/\/www.europesays.com\/fr\/wp-json\/wp\/v2\/types\/post"}],"author":[{"embeddable":true,"href":"https:\/\/www.europesays.com\/fr\/wp-json\/wp\/v2\/users\/2"}],"replies":[{"embeddable":true,"href":"https:\/\/www.europesays.com\/fr\/wp-json\/wp\/v2\/comments?post=209616"}],"version-history":[{"count":0,"href":"https:\/\/www.europesays.com\/fr\/wp-json\/wp\/v2\/posts\/209616\/revisions"}],"wp:featuredmedia":[{"embeddable":true,"href":"https:\/\/www.europesays.com\/fr\/wp-json\/wp\/v2\/media\/209617"}],"wp:attachment":[{"href":"https:\/\/www.europesays.com\/fr\/wp-json\/wp\/v2\/media?parent=209616"}],"wp:term":[{"taxonomy":"category","embeddable":true,"href":"https:\/\/www.europesays.com\/fr\/wp-json\/wp\/v2\/categories?post=209616"},{"taxonomy":"post_tag","embeddable":true,"href":"https:\/\/www.europesays.com\/fr\/wp-json\/wp\/v2\/tags?post=209616"}],"curies":[{"name":"wp","href":"https:\/\/api.w.org\/{rel}","templated":true}]}}