{"id":209620,"date":"2025-06-28T00:17:14","date_gmt":"2025-06-28T00:17:14","guid":{"rendered":"https:\/\/www.europesays.com\/fr\/209620\/"},"modified":"2025-06-28T00:17:14","modified_gmt":"2025-06-28T00:17:14","slug":"eure-dans-ce-village-presque-toute-la-population-a-ete-impactee-par-lorage","status":"publish","type":"post","link":"https:\/\/www.europesays.com\/fr\/209620\/","title":{"rendered":"Eure. Dans ce village, presque toute la population a \u00e9t\u00e9 impact\u00e9e par l&rsquo;orage"},"content":{"rendered":"<p>            Par<br \/>\n        <strong><br \/>\n            <a href=\"https:\/\/actu.fr\/auteur\/anthony-bonnet\" title=\"Consulter tous les articles de Anthony Bonnet\" target=\"_blank\" rel=\"noopener\">Anthony Bonnet<\/a><br \/>\n        <\/strong><\/p>\n<p>        Publi\u00e9 le<\/p>\n<p>            27 juin 2025 \u00e0 17h00        <\/p>\n<p>\u00ab Il pleut dans notre \u00e9glise \u00bb, se d\u00e9sole le maire de <a href=\"https:\/\/actu.fr\/normandie\/plasnes_27463\" target=\"_blank\" rel=\"noopener\">Plasnes (Eure).<\/a> Son village a, lui aussi, subi les foudres de<b> l\u2019orage <\/b>qui s\u2019est abattu sur la r\u00e9gion de Bernay mercredi 25 juin 2025. Guillaume Boulaye a vu sa commune \u00eatre \u00ab ravag\u00e9e \u00bb en l\u2019espace de dix minutes.<\/p>\n<p class=\" wall-content\">Il a recens\u00e9 <b>une trentaine d\u2019endroits <\/b>o\u00f9 des arbres sont tomb\u00e9s, o\u00f9 des c\u00e2bles ont \u00e9t\u00e9 arrach\u00e9s et des toits trou\u00e9s. \u00ab Il y a 90 % de la population qui est impact\u00e9e pour des fen\u00eatres ou des voitures ab\u00eem\u00e9es. \u00bb<\/p>\n<p>L\u2019\u00e9glise, l\u2019\u00e9cole, les maisons\u2026<\/p>\n<p class=\" wall-content\">Une visite du bourg permet de se rendre compte de l\u2019\u00e9tendue des d\u00e9g\u00e2ts. Sous l\u2019effet des gr\u00ealons,<b> des vitraux <\/b>de l\u2019\u00e9glise se sont bris\u00e9s. \u00ab Et il faut refaire la toiture \u00bb, affirme Guillaume Boulaye, en montrant aussi les deux <b>magnifiques ifs <\/b>d\u00e9t\u00e9rior\u00e9s face au porche. Un pan de la couverture des ateliers municipaux s\u2019est envol\u00e9.<\/p>\n<p class=\" wall-content\"><b>La toiture de l\u2019\u00e9cole<\/b> est \u00e9galement endommag\u00e9e. Rest\u00e9 ferm\u00e9 le lendemain, l\u2019\u00e9tablissement a pu rouvrir vendredi. \u00ab Regardez l\u2019impact des gr\u00ealons sur les portes en PVC, il va falloir les changer \u00bb, regrette le maire.<\/p>\n<p>    <img   decoding=\"async\" loading=\"lazy\" class=\"size-large\" src=\"https:\/\/www.europesays.com\/fr\/wp-content\/uploads\/2025\/06\/59b2048f8e5865db2048f8e5831c20v-960x640.jpg\" alt=\"La toiture de l'\u00e9cole en train d'\u00eatre prot\u00e9g\u00e9e jeudi 26 juin.\" width=\"960\" height=\"640\"\/><br \/>\n    La toiture de l\u2019\u00e9cole en train d\u2019\u00eatre prot\u00e9g\u00e9e jeudi 26\u00a0juin. \u00a9Anthony BonnetVid\u00e9os : en ce moment sur Actu<\/p>\n<p class=\" wall-content\">Un peu plus loin, c\u2019est <b>une maison d\u2019habitation <\/b>qui se retrouve d\u00e9pourvue d\u2019une grande partie de ses ardoises.<\/p>\n<p class=\" wall-content\">\u00ab Nous n\u2019arrivons pas \u00e0 joindre les propri\u00e9taires qui sont \u00e0 Paris. Je vais faire r\u00e9aliser la mise en s\u00e9curit\u00e9 sur le compte de la commune \u00bb, poursuit celui qui a mis sur pied <b>une cellule de crise <\/b>le soir des intemp\u00e9ries afin de centraliser les d\u00e9clarations de sinistres, r\u00e9partir les missions parmi les \u00e9lus et \u00e9viter d\u2019engorger davantage les secours d\u00e9j\u00e0 tr\u00e8s sollicit\u00e9s.<\/p>\n<p>    <img   decoding=\"async\" loading=\"lazy\" class=\"size-large\" src=\"https:\/\/www.europesays.com\/fr\/wp-content\/uploads\/2025\/06\/22c8148f8e58616c8148f8e58d9c81v-960x640.jpg\" alt=\"Cette maison d'habitation dans le bourg a \u00e9t\u00e9 endommag\u00e9e.\" width=\"960\" height=\"640\"\/><br \/>\n    Cette maison d\u2019habitation dans le bourg a \u00e9t\u00e9 endommag\u00e9e. \u00a9Anthony BonnetSolidarit\u00e9<\/p>\n<p class=\" wall-content\">Un \u00e9lan de solidarit\u00e9 s\u2019est form\u00e9. \u00ab Des habitants, dont des gens que je ne connaissais pas, se sont mis \u00e0 la disposition de la commune et ont propos\u00e9 leur aide, tient \u00e0 souligner Guillaume Boulaye. Ceux qui se sont mobilis\u00e9s seront remerci\u00e9s. \u00bb<\/p>\n<p class=\" wall-content\">Il fallait dans l\u2019urgence tron\u00e7onner, <b>d\u00e9gager les routes <\/b>et les chemins, porter assistance aussi aux plus vuln\u00e9rables. \u00ab J\u2019ai souhait\u00e9 qu\u2019on se rende au domicile de toutes les personnes de plus de 80\u00a0ans et qui vivent seules \u00bb, pr\u00e9cise-t-il.<\/p>\n<p>    <img   decoding=\"async\" loading=\"lazy\" class=\"size-large\" src=\"https:\/\/www.europesays.com\/fr\/wp-content\/uploads\/2025\/06\/35c0048f8e58629c0048f8e58fcc00v-960x640.jpg\" alt=\"Un pan de la toiture de ce b\u00e2timent communal s'est d\u00e9croch\u00e9.\" width=\"960\" height=\"640\"\/><br \/>\n    Un pan de la toiture de ce b\u00e2timent communal s\u2019est d\u00e9croch\u00e9. \u00a9Anthony Bonnet<\/p>\n<p class=\" wall-content\">Sp\u00e9cialis\u00e9 dans les <b>travaux de couverture<\/b>, S\u00e9bastien Lecureur \u00e9voque ces moments \u00ab chaotiques \u00bb qui ont suivi le passage de l\u2019orage : \u00ab J\u2019ai b\u00e2ch\u00e9 jusqu\u2019\u00e0 minuit avec une lampe frontale \u00bb.<\/p>\n<p>La v\u00e9g\u00e9tation d\u00e9t\u00e9rior\u00e9e<\/p>\n<p class=\" wall-content\">La commune a \u00e9galement \u00e9t\u00e9 <b>priv\u00e9e d\u2019\u00e9lectricit\u00e9 et d\u2019eau potable<\/b> pendant de longues heures. Alors, \u00ab on a distribu\u00e9 des packs de bouteilles d\u2019eau \u00bb, illustre le maire, qui a inform\u00e9 r\u00e9guli\u00e8rement ses administr\u00e9s de l\u2019\u00e9volution de la situation en communiquant sur sa <b>page Facebook<\/b>.\u00a0<\/p>\n<p class=\" wall-content\">Le concours des maisons fleuries est annul\u00e9. \u00ab\u00a0Nos agriculteurs ont perdu leurs r\u00e9coltes, le lin n\u2019existe plus, le bl\u00e9 donne l\u2019impression d\u2019avoir \u00e9t\u00e9 d\u00e9j\u00e0 moissonn\u00e9\u00a0\u00bb, confie Guillaume Boulaye, pr\u00e9occup\u00e9 aussi par\u00a0les cons\u00e9quences pour<b> la soci\u00e9t\u00e9 horticole Rambert<\/b>, \u00ab\u00a0une entreprise majeure de Plasnes\u00a0\u00bb.<\/p>\n<p class=\" wall-content\">Les serres de production ont \u00e9t\u00e9 gravement d\u00e9t\u00e9rior\u00e9es. L\u2019espace de vente a \u00e9t\u00e9 \u00e9pargn\u00e9 et la soci\u00e9t\u00e9 a annonc\u00e9 sur Facebook accueillir de nouveau le public \u00e0 partir de ce samedi 28 juin.<\/p>\n<p>    <a href=\"https:\/\/www.facebook.com\/plugins\/post.php?href=https%3A%2F%2Fwww.facebook.com%2Fpermalink.php%3Fstory_fbid%3Dpfbid0ZMVKqAHfBkWQhLJ1L43a9KUqR5TdRtsWehBn4Ryiehp4xvw2mQSoqAzRYMQUkUFul%26id%3D100064282052319&amp;show_text=true&amp;width=350\" title=\"Ouvrie le lien\" target=\"_blank\" rel=\"noopener\">Cliquez ici pour visualiser le contenu<\/a><\/p>\n<p class=\" wall-content\"><a href=\"https:\/\/actu.fr\/normandie\/plasnes_27463\/pres-de-bernay-ce-jardinier-possede-plus-de-200-especes-de-plantes-sauvages_61105697.html\" target=\"_blank\" rel=\"noopener\">Le jardin de la Herpini\u00e8re<\/a>, autre lieu embl\u00e9matique du village avec sa collection de <b>200 esp\u00e8ces de plantes sauvages<\/b>, restera lui ferm\u00e9 cette ann\u00e9e. \u00ab Toute la v\u00e9g\u00e9tation a \u00e9t\u00e9 hach\u00e9e menu, et cela ne pourra pas \u00eatre remis en \u00e9tat sous huit jours \u00bb, constate avec tristesse Olivier Diot, le propri\u00e9taire.<\/p>\n<p class=\" wall-content\">Suivez toute l\u2019actualit\u00e9 de vos villes et m\u00e9dias favoris en vous inscrivant \u00e0 <a href=\"https:\/\/moncompte.actu.fr\" title=\"D\u00e9couvez Mon Actu\" rel=\"nofollow noopener\" data-trk=\"{&quot;cta&quot;:{&quot;action&quot;:&quot;https:\\\/\\\/moncompte.actu.fr&quot;,&quot;category&quot;:&quot;mon compte&quot;,&quot;from&quot;:&quot;article footer&quot;,&quot;name&quot;:&quot;Mon actu&quot;,&quot;type&quot;:&quot;cta&quot;}}\" target=\"_blank\">Mon Actu<\/a>.<\/p>\n","protected":false},"excerpt":{"rendered":"Par Anthony Bonnet Publi\u00e9 le 27 juin 2025 \u00e0 17h00 \u00ab Il pleut dans notre \u00e9glise \u00bb, se&hellip;\n","protected":false},"author":2,"featured_media":209621,"comment_status":"","ping_status":"","sticky":false,"template":"","format":"standard","meta":{"footnotes":""},"categories":[9587],"tags":[1111,11,1129,1777,674,1011,27,2357,12,5161,4594,25,9590,104],"class_list":{"0":"post-209620","1":"post","2":"type-post","3":"status-publish","4":"format-standard","5":"has-post-thumbnail","7":"category-rouen","8":"tag-actu","9":"tag-actualites","10":"tag-climat","11":"tag-eu","12":"tag-europe","13":"tag-fr","14":"tag-france","15":"tag-meteo-france","16":"tag-news","17":"tag-normandie","18":"tag-orages","19":"tag-republique-francaise","20":"tag-rouen","21":"tag-societe"},"share_on_mastodon":{"url":"https:\/\/pubeurope.com\/@fr\/114758120028174773","error":""},"_links":{"self":[{"href":"https:\/\/www.europesays.com\/fr\/wp-json\/wp\/v2\/posts\/209620","targetHints":{"allow":["GET"]}}],"collection":[{"href":"https:\/\/www.europesays.com\/fr\/wp-json\/wp\/v2\/posts"}],"about":[{"href":"https:\/\/www.europesays.com\/fr\/wp-json\/wp\/v2\/types\/post"}],"author":[{"embeddable":true,"href":"https:\/\/www.europesays.com\/fr\/wp-json\/wp\/v2\/users\/2"}],"replies":[{"embeddable":true,"href":"https:\/\/www.europesays.com\/fr\/wp-json\/wp\/v2\/comments?post=209620"}],"version-history":[{"count":0,"href":"https:\/\/www.europesays.com\/fr\/wp-json\/wp\/v2\/posts\/209620\/revisions"}],"wp:featuredmedia":[{"embeddable":true,"href":"https:\/\/www.europesays.com\/fr\/wp-json\/wp\/v2\/media\/209621"}],"wp:attachment":[{"href":"https:\/\/www.europesays.com\/fr\/wp-json\/wp\/v2\/media?parent=209620"}],"wp:term":[{"taxonomy":"category","embeddable":true,"href":"https:\/\/www.europesays.com\/fr\/wp-json\/wp\/v2\/categories?post=209620"},{"taxonomy":"post_tag","embeddable":true,"href":"https:\/\/www.europesays.com\/fr\/wp-json\/wp\/v2\/tags?post=209620"}],"curies":[{"name":"wp","href":"https:\/\/api.w.org\/{rel}","templated":true}]}}