{"id":209625,"date":"2025-06-28T00:21:12","date_gmt":"2025-06-28T00:21:12","guid":{"rendered":"https:\/\/www.europesays.com\/fr\/209625\/"},"modified":"2025-06-28T00:21:12","modified_gmt":"2025-06-28T00:21:12","slug":"viami-recherche-des-citoyens-qui-pourraient-accueillir-des-migrants-en-ille-et-vilaine-2","status":"publish","type":"post","link":"https:\/\/www.europesays.com\/fr\/209625\/","title":{"rendered":"Viami recherche des citoyens qui pourraient accueillir des migrants en Ille-et-Vilaine"},"content":{"rendered":"<p>B\u00e9n\u00e9dicte Leclercq est copr\u00e9sidente de l\u2019association Val d\u2019Ille Aubign\u00e9 Accueil Migrants (Viami).<\/p>\n<p>Quelle est la situation de Viami aujourd\u2019hui\u00a0?<\/p>\n<p>Notre association, qui existe depuis 2018, compte une cinquantaine d\u2019adh\u00e9rents, une dizaine de personnes dans le bureau, mais nous avons \u00e9galement des sympathisants qui apportent leur concours. &#8230;<\/p>\n<p>\u00a0<\/p>\n","protected":false},"excerpt":{"rendered":"B\u00e9n\u00e9dicte Leclercq est copr\u00e9sidente de l\u2019association Val d\u2019Ille Aubign\u00e9 Accueil Migrants (Viami). Quelle est la situation de Viami&hellip;\n","protected":false},"author":2,"featured_media":208843,"comment_status":"","ping_status":"","sticky":false,"template":"","format":"standard","meta":{"footnotes":""},"categories":[2821],"tags":[34144,1111,11,829,28489,1777,674,1011,27,848,1251,12,959,3086,584,25,34784],"class_list":{"0":"post-209625","1":"post","2":"type-post","3":"status-publish","4":"format-standard","5":"has-post-thumbnail","7":"category-rennes","8":"tag-accueillir","9":"tag-actu","10":"tag-actualites","11":"tag-bretagne","12":"tag-citoyens","13":"tag-eu","14":"tag-europe","15":"tag-fr","16":"tag-france","17":"tag-ille-et-vilaine","18":"tag-migrants","19":"tag-news","20":"tag-recherche","21":"tag-redon","22":"tag-rennes","23":"tag-republique-francaise","24":"tag-viami"},"share_on_mastodon":{"url":"https:\/\/pubeurope.com\/@fr\/114758135568405816","error":""},"_links":{"self":[{"href":"https:\/\/www.europesays.com\/fr\/wp-json\/wp\/v2\/posts\/209625","targetHints":{"allow":["GET"]}}],"collection":[{"href":"https:\/\/www.europesays.com\/fr\/wp-json\/wp\/v2\/posts"}],"about":[{"href":"https:\/\/www.europesays.com\/fr\/wp-json\/wp\/v2\/types\/post"}],"author":[{"embeddable":true,"href":"https:\/\/www.europesays.com\/fr\/wp-json\/wp\/v2\/users\/2"}],"replies":[{"embeddable":true,"href":"https:\/\/www.europesays.com\/fr\/wp-json\/wp\/v2\/comments?post=209625"}],"version-history":[{"count":0,"href":"https:\/\/www.europesays.com\/fr\/wp-json\/wp\/v2\/posts\/209625\/revisions"}],"wp:featuredmedia":[{"embeddable":true,"href":"https:\/\/www.europesays.com\/fr\/wp-json\/wp\/v2\/media\/208843"}],"wp:attachment":[{"href":"https:\/\/www.europesays.com\/fr\/wp-json\/wp\/v2\/media?parent=209625"}],"wp:term":[{"taxonomy":"category","embeddable":true,"href":"https:\/\/www.europesays.com\/fr\/wp-json\/wp\/v2\/categories?post=209625"},{"taxonomy":"post_tag","embeddable":true,"href":"https:\/\/www.europesays.com\/fr\/wp-json\/wp\/v2\/tags?post=209625"}],"curies":[{"name":"wp","href":"https:\/\/api.w.org\/{rel}","templated":true}]}}