{"id":209632,"date":"2025-06-28T00:26:22","date_gmt":"2025-06-28T00:26:22","guid":{"rendered":"https:\/\/www.europesays.com\/fr\/209632\/"},"modified":"2025-06-28T00:26:22","modified_gmt":"2025-06-28T00:26:22","slug":"air-corsica-inaugure-une-nouvelle-ligne-entre-nice-et-florence","status":"publish","type":"post","link":"https:\/\/www.europesays.com\/fr\/209632\/","title":{"rendered":"Air Corsica inaugure une nouvelle ligne entre Nice et Florence"},"content":{"rendered":"<p>\t\t\t\t <a href=\"https:\/\/www.corsenetinfos.corsica\/javascript:void(0)\" rel=\"https:\/\/www.europesays.com\/fr\/wp-content\/uploads\/2025\/06\/89590997-63325905.jpg&amp;ibox noopener\" title=\"De gauche \u00e0 droite : Emmanuel RICCI du Comit\u00e9 R\u00e9gional de Tourisme Provence Alpes C\u00f4te d\u2019Azur, Franck GOLDNADEL Pr\u00e9sident du directoire d\u2019A\u00e9roports de la C\u00f4te d\u2019Azur, Marie-H\u00e9l\u00e8ne CASANOVA-SERVAS Pr\u00e9sidente du Conseil de Surveillance Air Corsica et Pierre MURACCIOLE Pr\u00e9sident du Directoire Air Corsica.\" target=\"_blank\"><img decoding=\"async\" class=\"responsive\" style=\"display:none\" src=\"https:\/\/www.europesays.com\/fr\/wp-content\/uploads\/2025\/06\/89590997-63325905.jpg\" alt=\"De gauche \u00e0 droite : Emmanuel RICCI du Comit\u00e9 R\u00e9gional de Tourisme Provence Alpes C\u00f4te d\u2019Azur, Franck GOLDNADEL Pr\u00e9sident du directoire d\u2019A\u00e9roports de la C\u00f4te d\u2019Azur, Marie-H\u00e9l\u00e8ne CASANOVA-SERVAS Pr\u00e9sidente du Conseil de Surveillance Air Corsica et Pierre MURACCIOLE Pr\u00e9sident du Directoire Air Corsica.\" title=\"De gauche \u00e0 droite : Emmanuel RICCI du Comit\u00e9 R\u00e9gional de Tourisme Provence Alpes C\u00f4te d\u2019Azur, Franck GOLDNADEL Pr\u00e9sident du directoire d\u2019A\u00e9roports de la C\u00f4te d\u2019Azur, Marie-H\u00e9l\u00e8ne CASANOVA-SERVAS Pr\u00e9sidente du Conseil de Surveillance Air Corsica et Pierre MURACCIOLE Pr\u00e9sident du Directoire Air Corsica.\" \/><br \/>\n<img decoding=\"async\" class=\"not-responsive\" src=\"https:\/\/www.europesays.com\/fr\/wp-content\/uploads\/2025\/06\/1751070382_313_89590997-63325905.jpg\" alt=\"De gauche \u00e0 droite : Emmanuel RICCI du Comit\u00e9 R\u00e9gional de Tourisme Provence Alpes C\u00f4te d\u2019Azur, Franck GOLDNADEL Pr\u00e9sident du directoire d\u2019A\u00e9roports de la C\u00f4te d\u2019Azur, Marie-H\u00e9l\u00e8ne CASANOVA-SERVAS Pr\u00e9sidente du Conseil de Surveillance Air Corsica et Pierre MURACCIOLE Pr\u00e9sident du Directoire Air Corsica.\" title=\"De gauche \u00e0 droite : Emmanuel RICCI du Comit\u00e9 R\u00e9gional de Tourisme Provence Alpes C\u00f4te d\u2019Azur, Franck GOLDNADEL Pr\u00e9sident du directoire d\u2019A\u00e9roports de la C\u00f4te d\u2019Azur, Marie-H\u00e9l\u00e8ne CASANOVA-SERVAS Pr\u00e9sidente du Conseil de Surveillance Air Corsica et Pierre MURACCIOLE Pr\u00e9sident du Directoire Air Corsica.\" width=\"663\" \/><\/a><\/p>\n<p>\n\t\t\t\t\t De gauche \u00e0 droite : Emmanuel RICCI du Comit\u00e9 R\u00e9gional de Tourisme Provence Alpes C\u00f4te d\u2019Azur, Franck GOLDNADEL Pr\u00e9sident du directoire d\u2019A\u00e9roports de la C\u00f4te d\u2019Azur, Marie-H\u00e9l\u00e8ne CASANOVA-SERVAS Pr\u00e9sidente du Conseil de Surveillance Air Corsica et Pierre MURACCIOLE Pr\u00e9sident du Directoire Air Corsica.\n\t\t\t\t <\/p>\n<p>\t\t\t\t\t Une nouvelle destination s\u2019ajoute au r\u00e9seau d\u2019Air Corsica. Ce vendredi, la compagnie a inaugur\u00e9 une ligne r\u00e9guli\u00e8re entre\u00a0Nice\u00a0et\u00a0Florence, op\u00e9r\u00e9e deux fois par semaine, les lundis et vendredis. Les vols seront assur\u00e9s en\u00a0ATR 72-600, un appareil turbopropulseur de 70 places utilis\u00e9 notamment sur les lignes r\u00e9gionales corses. <\/p>\n<p>Cette ouverture vient renforcer une strat\u00e9gie de maillage entre la Corse, la C\u00f4te d\u2019Azur et la p\u00e9ninsule italienne, amorc\u00e9e d\u00e8s 2022 avec l\u2019ouverture de lignes saisonni\u00e8res vers Rome, Milan et Olbia. \u00ab Avec le renforcement des lignes de service public, notamment vers Nice, Air Corsica a pu utiliser un appareil au d\u00e9part de cette plate-forme \u00bb, explique\u00a0Marie-H\u00e9l\u00e8ne Casanova-Servas, pr\u00e9sidente du conseil de surveillance de la compagnie. \u00ab L\u2019attractivit\u00e9 des lignes italiennes s\u2019est impos\u00e9e naturellement. C\u2019est un march\u00e9 que nous connaissons depuis plusieurs ann\u00e9es au d\u00e9part de la Corse. \u00bb  <\/p>\n<p data-end=\"1856\" data-start=\"1611\">Les horaires ont \u00e9t\u00e9 pens\u00e9s pour permettre une connexion entre\u00a0Florence\u00a0et les a\u00e9roports d\u2019Ajaccio, Bastia, Calvi et Figari. Dans un sens comme dans l\u2019autre, les passagers pourront effectuer leur correspondance dans la m\u00eame demi-journ\u00e9e. \u00ab Air Corsica est une compagnie importante pour notre a\u00e9roport et pour le territoire \u00bb, a rappel\u00e9\u00a0Franck Goldnadel, pr\u00e9sident du directoire des A\u00e9roports de la C\u00f4te d\u2019Azur. \u00ab Nous saluons sa volont\u00e9 de d\u00e9velopper des liaisons directes avec des capitales r\u00e9gionales et des destinations touristiques. \u00bb <\/p>\n<p>Deux tarifs ont \u00e9t\u00e9 annonc\u00e9s : \u00e0 partir de\u00a099 euros l\u2019aller simple\u00a0entre Nice et Florence, et\u00a0269 euros l\u2019aller-retour\u00a0pour un trajet complet entre la Corse et Florence via Nice. Les billets incluent un bagage cabine et un bagage en soute. Des offres sp\u00e9cifiques sont pr\u00e9vues pour les groupes. <\/p>\n<p data-end=\"2710\" data-start=\"2650\">\u00a0 <\/p>\n<p>\u00a0\n\t\t\t\t <\/p>\n","protected":false},"excerpt":{"rendered":"De gauche \u00e0 droite : Emmanuel RICCI du Comit\u00e9 R\u00e9gional de Tourisme Provence Alpes C\u00f4te d\u2019Azur, Franck GOLDNADEL&hellip;\n","protected":false},"author":2,"featured_media":209633,"comment_status":"","ping_status":"","sticky":false,"template":"","format":"standard","meta":{"footnotes":""},"categories":[2819],"tags":[1111,11,34870,6777,11049,11050,11051,11052,1777,674,1011,27,14914,12,2401,882,25],"class_list":{"0":"post-209632","1":"post","2":"type-post","3":"status-publish","4":"format-standard","5":"has-post-thumbnail","7":"category-nice","8":"tag-actu","9":"tag-actualites","10":"tag-air-corsica-inaugure-une-nouvelle-ligne-entre-nice-et-florence","11":"tag-bonjour","12":"tag-cni","13":"tag-corse-net-infos","14":"tag-corsenetinfos","15":"tag-corsica","16":"tag-eu","17":"tag-europe","18":"tag-fr","19":"tag-france","20":"tag-lingua-corsa","21":"tag-news","22":"tag-nice","23":"tag-provence-alpes-cote-dazur","24":"tag-republique-francaise"},"share_on_mastodon":{"url":"https:\/\/pubeurope.com\/@fr\/114758155302595869","error":""},"_links":{"self":[{"href":"https:\/\/www.europesays.com\/fr\/wp-json\/wp\/v2\/posts\/209632","targetHints":{"allow":["GET"]}}],"collection":[{"href":"https:\/\/www.europesays.com\/fr\/wp-json\/wp\/v2\/posts"}],"about":[{"href":"https:\/\/www.europesays.com\/fr\/wp-json\/wp\/v2\/types\/post"}],"author":[{"embeddable":true,"href":"https:\/\/www.europesays.com\/fr\/wp-json\/wp\/v2\/users\/2"}],"replies":[{"embeddable":true,"href":"https:\/\/www.europesays.com\/fr\/wp-json\/wp\/v2\/comments?post=209632"}],"version-history":[{"count":0,"href":"https:\/\/www.europesays.com\/fr\/wp-json\/wp\/v2\/posts\/209632\/revisions"}],"wp:featuredmedia":[{"embeddable":true,"href":"https:\/\/www.europesays.com\/fr\/wp-json\/wp\/v2\/media\/209633"}],"wp:attachment":[{"href":"https:\/\/www.europesays.com\/fr\/wp-json\/wp\/v2\/media?parent=209632"}],"wp:term":[{"taxonomy":"category","embeddable":true,"href":"https:\/\/www.europesays.com\/fr\/wp-json\/wp\/v2\/categories?post=209632"},{"taxonomy":"post_tag","embeddable":true,"href":"https:\/\/www.europesays.com\/fr\/wp-json\/wp\/v2\/tags?post=209632"}],"curies":[{"name":"wp","href":"https:\/\/api.w.org\/{rel}","templated":true}]}}