{"id":209642,"date":"2025-06-28T00:32:13","date_gmt":"2025-06-28T00:32:13","guid":{"rendered":"https:\/\/www.europesays.com\/fr\/209642\/"},"modified":"2025-06-28T00:32:13","modified_gmt":"2025-06-28T00:32:13","slug":"toulouse-ubb-lheure-de-regler-les-comptes","status":"publish","type":"post","link":"https:\/\/www.europesays.com\/fr\/209642\/","title":{"rendered":"Toulouse-UBB, l\u2019heure de r\u00e9gler les comptes"},"content":{"rendered":"<p><strong>D\u00c9CRYPTAGE &#8211;<\/strong> La finale du championnat de rugby entre les deux meilleures \u00e9quipes de la saison est une somme de revanches, collectives et individuelles. Le mercure va grimper tr\u00e8s haut, sur la pelouse et dans les tribunes, ce samedi soir au Stade de France.<\/p>\n<p class=\"fig-paragraph\">Disons-le franchement, et sans nourrir le moindre manque de consid\u00e9ration envers les douze autres pensionnaires du Top\u00a014, cette finale entre\u00a0<a href=\"http:\/\/www.lefigaro.fr\/sports\/rugby\/top-14\/stade-toulousain-dupont-mauvaka-capuozzo-le-veritable-poids-des-absences-20250620\" target=\"_blank\" data-fig-type=\"NewsFlash\" rel=\"noopener\" data-gtm-custom-categorie=\"navigation\" data-gtm-custom-action=\"crossclick\" data-gtm-custom-label=\"Contextuel\" data-gtm-event=\"customEventSPE\" data-fig-domain=\"LEFIGARO\">le Stade Toulousain<\/a>\u00a0et l\u2019Union Bordeaux B\u00e8gles, les deux meilleures \u00e9quipes de la saison,\u00a0<a href=\"http:\/\/www.lefigaro.fr\/sports\/rugby\/top-14\/toulouse-ubb-a-quelle-heure-et-sur-quelle-chaine-regarder-la-finale-du-top-14-20250623\" target=\"_blank\" data-fig-type=\"NewsFlash\" rel=\"noopener\" data-gtm-custom-categorie=\"navigation\" data-gtm-custom-action=\"crossclick\" data-gtm-custom-label=\"Contextuel\" data-gtm-event=\"customEventSPE\" data-fig-domain=\"LEFIGARO\">ce samedi soir<\/a>\u00a0au Stade de France (21\u00a0h\u00a005, France\u00a02 et Canal+), \u00e9tait esp\u00e9r\u00e9e par la plupart des amateurs de rugby. L\u2019affiche r\u00eav\u00e9e pour clore une ann\u00e9e d\u00e9j\u00e0 faste sur un feu d\u2019artifice.<\/p>\n<p class=\"fig-paragraph\">Il serait tentant de r\u00e9sumer cet explosif duel \u00e0 une opposition entre les chevau-l\u00e9gers de Gironde (Bielle-Biarrey, Penaud, Buros\u2026) et les aurochs de Haute-Garonne (Marchand, Cros, Willis, Meafou\u2026). La Patrouille de France contre le pack des Bleus. Ce fut le sc\u00e9nario de la pr\u00e9c\u00e9dente finale, il y a un an, qui avait vu les Toulousains pi\u00e9tiner les Bordelais &#8211; 59-3, un record absolu\u00a0-, pour soulever, \u00e0 Marseille, pour la 23e\u00a0fois de leur riche histoire le bouclier de Brennus.<\/p>\n<p class=\"fig-paragraph\">Mais cette humiliation a provoqu\u00e9\u00a0<a href=\"http:\/\/www.lefigaro.fr\/sports\/rugby\/coupe-d-europe\/yannick-bru-l-ubb-est-une-start-up-qui-commence-a-avoir-de-l-experience-20250522\" target=\"_blank\" data-fig-type=\"Article\" rel=\"noopener\" data-gtm-custom-categorie=\"navigation\" data-gtm-custom-action=\"crossclick\" data-gtm-custom-label=\"Contextuel\" data-gtm-event=\"customEventSPE\" data-fig-domain=\"LEFIGARO\">une prise de conscience du c\u00f4t\u00e9 de l\u2019UBB<\/a>. D\u00e9sormais dot\u00e9 d\u2019un pack costaud\u2026<\/p>\n<p class=\"fig-premium-paywall__infos\">\n        Cet article est r\u00e9serv\u00e9 aux abonn\u00e9s.        Il vous reste 77% \u00e0 d\u00e9couvrir.\n    <\/p>\n<p>                <img  data- alt=\"Le Figaro\" class=\"fig-img--complete fig-img\"\/><\/p>\n<p class=\"fig-premium-paywall__title\">Vente Flash : derniers jours<\/p>\n<p class=\"fig-premium-paywall__subtitle\">3,99\u20ac par mois pendant 12 mois. Sans engagement.<\/p>\n<p class=\"fig-premium-paywall__connect\">\n                D\u00e9j\u00e0 abonn\u00e9\u00a0?                <a class=\"fig-premium-paywall__connect-link\" href=\"https:\/\/connect.lefigaro.fr\/login?client=horizon_web&amp;type=main&amp;redirect_uri=https%3A%2F%2Fwww.lefigaro.fr%2Fsports%2Frugby%2Ftop-14%2Ffinale-top-14-toulouse-ubb-l-heure-de-regler-les-comptes-20250627\" data-js-gtm=\"{&quot;customCategorie&quot;: &quot;conversion&quot;, &quot;customAction&quot;: &quot;before_Landing_Connexion_paywall_auto&quot;, &quot;customLabel&quot;: &quot;bGVmaWdhcm8uZnJfXzFmMDUzNTBhLTRhMzAtNmI2Mi1hZmIyLTM3NzI2MWQ2ZjRlOV9fQXJ0aWNsZQ==_Finale Top 14\u00a0: Toulouse-UBB, l\u2019heure de r\u00e9gler les comptes_103&quot;, &quot;customIDSPE&quot;: &quot;bGVmaWdhcm8uZnJfXzFmMDUzNTBhLTRhMzAtNmI2Mi1hZmIyLTM3NzI2MWQ2ZjRlOV9fQXJ0aWNsZQ==&quot;, &quot;event&quot;: &quot;customEventSPE&quot;}\" target=\"_blank\" rel=\"noopener\"><br \/>\n                    Connectez-vous<br \/>\n                <\/a>\n            <\/p>\n","protected":false},"excerpt":{"rendered":"D\u00c9CRYPTAGE &#8211; La finale du championnat de rugby entre les deux meilleures \u00e9quipes de la saison est une&hellip;\n","protected":false},"author":2,"featured_media":209643,"comment_status":"","ping_status":"","sticky":false,"template":"","format":"standard","meta":{"footnotes":""},"categories":[2816],"tags":[1111,11,525,4590,1981,2313,814,1777,674,1011,27,955,12,2680,4589,2311,25,1980,7205,479,2259,476,478,2310,2312,4364],"class_list":{"0":"post-209642","1":"post","2":"type-post","3":"status-publish","4":"format-standard","5":"has-post-thumbnail","7":"category-toulouse","8":"tag-actu","9":"tag-actualites","10":"tag-calendrier","11":"tag-championnat-france","12":"tag-classement","13":"tag-clermont","14":"tag-direct","15":"tag-eu","16":"tag-europe","17":"tag-fr","18":"tag-france","19":"tag-match","20":"tag-news","21":"tag-occitanie","22":"tag-phase-finale","23":"tag-racing","24":"tag-republique-francaise","25":"tag-resultats","26":"tag-romain-ntamack","27":"tag-rugby","28":"tag-score","29":"tag-stade-toulousain","30":"tag-top-14","31":"tag-toulon","32":"tag-toulouse","33":"tag-ubb"},"share_on_mastodon":{"url":"https:\/\/pubeurope.com\/@fr\/114758179031451476","error":""},"_links":{"self":[{"href":"https:\/\/www.europesays.com\/fr\/wp-json\/wp\/v2\/posts\/209642","targetHints":{"allow":["GET"]}}],"collection":[{"href":"https:\/\/www.europesays.com\/fr\/wp-json\/wp\/v2\/posts"}],"about":[{"href":"https:\/\/www.europesays.com\/fr\/wp-json\/wp\/v2\/types\/post"}],"author":[{"embeddable":true,"href":"https:\/\/www.europesays.com\/fr\/wp-json\/wp\/v2\/users\/2"}],"replies":[{"embeddable":true,"href":"https:\/\/www.europesays.com\/fr\/wp-json\/wp\/v2\/comments?post=209642"}],"version-history":[{"count":0,"href":"https:\/\/www.europesays.com\/fr\/wp-json\/wp\/v2\/posts\/209642\/revisions"}],"wp:featuredmedia":[{"embeddable":true,"href":"https:\/\/www.europesays.com\/fr\/wp-json\/wp\/v2\/media\/209643"}],"wp:attachment":[{"href":"https:\/\/www.europesays.com\/fr\/wp-json\/wp\/v2\/media?parent=209642"}],"wp:term":[{"taxonomy":"category","embeddable":true,"href":"https:\/\/www.europesays.com\/fr\/wp-json\/wp\/v2\/categories?post=209642"},{"taxonomy":"post_tag","embeddable":true,"href":"https:\/\/www.europesays.com\/fr\/wp-json\/wp\/v2\/tags?post=209642"}],"curies":[{"name":"wp","href":"https:\/\/api.w.org\/{rel}","templated":true}]}}