{"id":209648,"date":"2025-06-28T00:35:09","date_gmt":"2025-06-28T00:35:09","guid":{"rendered":"https:\/\/www.europesays.com\/fr\/209648\/"},"modified":"2025-06-28T00:35:09","modified_gmt":"2025-06-28T00:35:09","slug":"lavocat-marseillais-me-amas-plaide-aussi-au-ministere","status":"publish","type":"post","link":"https:\/\/www.europesays.com\/fr\/209648\/","title":{"rendered":"l&rsquo;avocat marseillais Me Amas plaide aussi au minist\u00e8re"},"content":{"rendered":"<p>En avril dernier, Michel Amas, avocat au barreau de Marseille, avait <a href=\"https:\/\/www.laprovence.com\/article\/faits-divers-justice\/9118016209759114\/aide-sociale-a-lenfance-un-avocat-marseillais-met-en-demeure-le-departement-pour-defaillances-graves\" target=\"_blank\" rel=\"noopener\">mis en demeure la pr\u00e9sidente du D\u00e9partement<\/a>, Martine Vassal (DVD), pour \u00ab\u00a0d\u00e9faillances graves\u00a0\u00bb, pointant les dysfonctionnements de l\u2019institution dans la prise en charge et <a href=\"https:\/\/www.laprovence.com\/article\/societe\/4309281857438614\/le-danger-ne-vient-pas-des-parents-mais-de-laide-sociale-a-lenfance-linterview-dune-educatrice-specialisee\" target=\"_blank\" rel=\"noopener\">l\u2019accompagnement d\u2019enfants confi\u00e9s \u00e0 l\u2019Aide sociale \u00e0 l\u2019enfance (ASE)<\/a>.<\/p>\n<p>Au c\u0153ur de la col\u00e8re de l\u2019avocat, \u00ab\u00a0la prostitution des enfants plac\u00e9s, qui concerne \u00e0 Marseille entre 100 et 200\u00a0enfants\u00a0\u00bb, mais aussi, \u00ab\u00a0les placements abusifs et le d\u00e9faut total d\u2019\u00e9quilibrage des forces judiciaires\u00a0\u00bb. Re\u00e7u vendredi 27\u00a0juin par Aurore Berg\u00e9, ministre charg\u00e9e de l\u2019\u00c9galit\u00e9 entre les femmes et les hommes et de la Lutte contre les discriminations, comme elle s\u2019y \u00e9tait engag\u00e9e, l\u2019avocat marseillais a pu l\u2019alerter sur la r\u00e9alit\u00e9 du terrain dans divers d\u00e9partements, dont celui des Bouches-du-Rh\u00f4ne\u00a0: \u00ab\u00a0Nous avons d\u00e9sormais connaissance que le nombre de ces <a href=\"https:\/\/www.laprovence.com\/article\/societe\/1052784765951515\/pour-survivre-je-devais-me-prostituer-confiee-a-laide-sociale-a-lenfance-a-12-ans-cette-marseillaise-temoigne\" target=\"_blank\" rel=\"noopener\">mineurs plac\u00e9s se prostituant<\/a> est de plus de 20\u00a0000 enfants en France. Nous savons aussi d\u00e9sormais que les liens entre les r\u00e9seaux de trafic de stup\u00e9fiants et de p\u00e9docriminalit\u00e9 sont t\u00e9nus, ce sont les m\u00eames organisateurs. Nous avons appris r\u00e9cemment qu\u2019une enfant plac\u00e9e \u00e0 Paris qui \u00e9tait dans un r\u00e9seau de p\u00e9dophilie rapportait 20\u00a0000\u00a0euros \u00e0 peu pr\u00e8s par semaine.\u00a0\u00bb<\/p>\n<p>Vendredi, l\u2019avocat marseillais a ainsi remis \u00e0 la ministre un projet de d\u00e9cret r\u00e9glementaire visant \u00e0 prot\u00e9ger au mieux les enfants de ces menaces.<\/p>\n<p>\u00ab\u00a0Nous avons pu poser les bases d\u2019une coop\u00e9ration p\u00e9renne, utile et efficace\u00a0\u00bb, souligne le magistrat. La suite\u00a0? \u00ab\u00a0R\u00e9former la proc\u00e9dure et organiser la lutte contre les r\u00e9seaux p\u00e9dophiles, car \u00e0 11\u00a0ans, on ne se prostitue pas, on est sous l\u2019emprise de ces r\u00e9seaux\u00a0\u00bb, insiste l\u2019avocat, qui attend d\u00e9sormais d\u2019\u00e9changer avec le garde des Sceaux, G\u00e9rald Darmanin.<\/p>\n","protected":false},"excerpt":{"rendered":"En avril dernier, Michel Amas, avocat au barreau de Marseille, avait mis en demeure la pr\u00e9sidente du D\u00e9partement,&hellip;\n","protected":false},"author":2,"featured_media":209649,"comment_status":"","ping_status":"","sticky":false,"template":"","format":"standard","meta":{"footnotes":""},"categories":[2814],"tags":[17,1111,11,34877,34875,1777,674,1011,27,32776,25183,34876,761,884,12,882,16,25,2812],"class_list":{"0":"post-209648","1":"post","2":"type-post","3":"status-publish","4":"format-standard","5":"has-post-thumbnail","7":"category-marseille","8":"tag-17","9":"tag-actu","10":"tag-actualites","11":"tag-amas","12":"tag-dysfonctionnements","13":"tag-eu","14":"tag-europe","15":"tag-fr","16":"tag-france","17":"tag-laide","18":"tag-lavocat","19":"tag-lenfance","20":"tag-marseillais","21":"tag-marseille","22":"tag-news","23":"tag-provence-alpes-cote-dazur","24":"tag-region","25":"tag-republique-francaise","26":"tag-sociale"},"share_on_mastodon":{"url":"https:\/\/pubeurope.com\/@fr\/114758190544034820","error":""},"_links":{"self":[{"href":"https:\/\/www.europesays.com\/fr\/wp-json\/wp\/v2\/posts\/209648","targetHints":{"allow":["GET"]}}],"collection":[{"href":"https:\/\/www.europesays.com\/fr\/wp-json\/wp\/v2\/posts"}],"about":[{"href":"https:\/\/www.europesays.com\/fr\/wp-json\/wp\/v2\/types\/post"}],"author":[{"embeddable":true,"href":"https:\/\/www.europesays.com\/fr\/wp-json\/wp\/v2\/users\/2"}],"replies":[{"embeddable":true,"href":"https:\/\/www.europesays.com\/fr\/wp-json\/wp\/v2\/comments?post=209648"}],"version-history":[{"count":0,"href":"https:\/\/www.europesays.com\/fr\/wp-json\/wp\/v2\/posts\/209648\/revisions"}],"wp:featuredmedia":[{"embeddable":true,"href":"https:\/\/www.europesays.com\/fr\/wp-json\/wp\/v2\/media\/209649"}],"wp:attachment":[{"href":"https:\/\/www.europesays.com\/fr\/wp-json\/wp\/v2\/media?parent=209648"}],"wp:term":[{"taxonomy":"category","embeddable":true,"href":"https:\/\/www.europesays.com\/fr\/wp-json\/wp\/v2\/categories?post=209648"},{"taxonomy":"post_tag","embeddable":true,"href":"https:\/\/www.europesays.com\/fr\/wp-json\/wp\/v2\/tags?post=209648"}],"curies":[{"name":"wp","href":"https:\/\/api.w.org\/{rel}","templated":true}]}}