{"id":209650,"date":"2025-06-28T00:36:15","date_gmt":"2025-06-28T00:36:15","guid":{"rendered":"https:\/\/www.europesays.com\/fr\/209650\/"},"modified":"2025-06-28T00:36:15","modified_gmt":"2025-06-28T00:36:15","slug":"euromaritime-de-retour-a-marseille-en-2026","status":"publish","type":"post","link":"https:\/\/www.europesays.com\/fr\/209650\/","title":{"rendered":"EUROMARITIME de retour \u00e0 Marseille en 2026"},"content":{"rendered":"<p>\t\t\t\t\t Depuis sa cr\u00e9ation en 2013, EUROMARITIME conna\u00eet une progression continue. Install\u00e9 \u00e0 <a class=\"liens\" href=\"https:\/\/www.tourmag.com\/A-Marseille-les-150-Pionniers-du-Tourisme-a-l-assaut-de-l-intermediation_a127211.html\" target=\"_blank\" rel=\"noopener\">Marseille<\/a> depuis 2020, le salon a battu un <b>record de fr\u00e9quentation en 2024 avec 5 200 visiteurs professionnels et plus de 300 exposants<\/b>. Pour l\u2019\u00e9dition 2026, les organisateurs visent une croissance de 20 % par rapport \u00e0 la pr\u00e9c\u00e9dente \u00e9dition. \u00c0 six mois de l\u2019\u00e9v\u00e9nement, plus de la moiti\u00e9 de la surface d\u2019exposition est d\u00e9j\u00e0 r\u00e9serv\u00e9e.<\/p>\n<p>Parmi les <b>exposants d\u00e9j\u00e0 confirm\u00e9s<\/b> figurent le Cluster Maritime Fran\u00e7ais, le P\u00f4le Mer M\u00e9diterran\u00e9e, la participation collective de la Bretagne, Volvo, SNEF, Bureau Veritas ou encore Moteurs Beaudouin. L\u2019\u00e9dition 2026 accueillera \u00e9galement, pour la premi\u00e8re fois, un <b>pavillon national norv\u00e9gien<\/b>. Ce pays, reconnu pour son expertise en technologies maritimes et en d\u00e9carbonation, t\u00e9moigne de l\u2019attractivit\u00e9 croissante du salon. Au total, des d\u00e9l\u00e9gations issues d\u2019une quinzaine de pays, en majorit\u00e9 m\u00e9diterran\u00e9ens, seront pr\u00e9sentes \u00e0 Marseille.&#13;\t\t\t\t\t <\/p>\n<p>Cette nouvelle \u00e9dition sera \u00e9galement marqu\u00e9e par un <b>changement de gouvernance<\/b>. <b>Sabrina Jonas<\/b> est nomm\u00e9e commissaire g\u00e9n\u00e9rale du salon. Ayant rejoint la SOGENA en 2012, elle a contribu\u00e9 pendant plus de dix ans au d\u00e9veloppement des salons EUROMARITIME et EURONAVAL en tant que directrice commerciale et marketing. Elle succ\u00e8de \u00e0 Hugues d\u2019Argentr\u00e9, avec pour mission de <b>renforcer le rayonnement international de l\u2019\u00e9v\u00e9nement<\/b>.&#13;\t\t\t\t\t <\/p>\n","protected":false},"excerpt":{"rendered":"Depuis sa cr\u00e9ation en 2013, EUROMARITIME conna\u00eet une progression continue. Install\u00e9 \u00e0 Marseille depuis 2020, le salon a&hellip;\n","protected":false},"author":2,"featured_media":209651,"comment_status":"","ping_status":"","sticky":false,"template":"","format":"standard","meta":{"footnotes":""},"categories":[2814],"tags":[1111,11,2380,1777,34878,674,1011,27,884,12,882,25],"class_list":{"0":"post-209650","1":"post","2":"type-post","3":"status-publish","4":"format-standard","5":"has-post-thumbnail","7":"category-marseille","8":"tag-actu","9":"tag-actualites","10":"tag-croisiere","11":"tag-eu","12":"tag-euromaritime","13":"tag-europe","14":"tag-fr","15":"tag-france","16":"tag-marseille","17":"tag-news","18":"tag-provence-alpes-cote-dazur","19":"tag-republique-francaise"},"share_on_mastodon":{"url":"https:\/\/pubeurope.com\/@fr\/114758194648218804","error":""},"_links":{"self":[{"href":"https:\/\/www.europesays.com\/fr\/wp-json\/wp\/v2\/posts\/209650","targetHints":{"allow":["GET"]}}],"collection":[{"href":"https:\/\/www.europesays.com\/fr\/wp-json\/wp\/v2\/posts"}],"about":[{"href":"https:\/\/www.europesays.com\/fr\/wp-json\/wp\/v2\/types\/post"}],"author":[{"embeddable":true,"href":"https:\/\/www.europesays.com\/fr\/wp-json\/wp\/v2\/users\/2"}],"replies":[{"embeddable":true,"href":"https:\/\/www.europesays.com\/fr\/wp-json\/wp\/v2\/comments?post=209650"}],"version-history":[{"count":0,"href":"https:\/\/www.europesays.com\/fr\/wp-json\/wp\/v2\/posts\/209650\/revisions"}],"wp:featuredmedia":[{"embeddable":true,"href":"https:\/\/www.europesays.com\/fr\/wp-json\/wp\/v2\/media\/209651"}],"wp:attachment":[{"href":"https:\/\/www.europesays.com\/fr\/wp-json\/wp\/v2\/media?parent=209650"}],"wp:term":[{"taxonomy":"category","embeddable":true,"href":"https:\/\/www.europesays.com\/fr\/wp-json\/wp\/v2\/categories?post=209650"},{"taxonomy":"post_tag","embeddable":true,"href":"https:\/\/www.europesays.com\/fr\/wp-json\/wp\/v2\/tags?post=209650"}],"curies":[{"name":"wp","href":"https:\/\/api.w.org\/{rel}","templated":true}]}}