{"id":209654,"date":"2025-06-28T00:38:22","date_gmt":"2025-06-28T00:38:22","guid":{"rendered":"https:\/\/www.europesays.com\/fr\/209654\/"},"modified":"2025-06-28T00:38:22","modified_gmt":"2025-06-28T00:38:22","slug":"luefa-autorise-lyon-a-disputer-la-ligue-europa-sous-condition","status":"publish","type":"post","link":"https:\/\/www.europesays.com\/fr\/209654\/","title":{"rendered":"l\u2019UEFA autorise Lyon \u00e0 disputer la Ligue Europa&#8230; sous condition"},"content":{"rendered":"<p>Bonne nouvelle pour Lyon. Le club pourra bel et bien disputer la Ligue Europa l\u2019ann\u00e9e prochaine, sous r\u00e9serve d\u2019obtenir son maintien dans l\u2019\u00e9lite.<\/p>\n<p class=\"fig-paragraph\"><a href=\"http:\/\/www.lefigaro.fr\/sports\/football\/ligue-1\/une-decision-incomprehensible-l-olympique-lyonnais-retrograde-en-ligue-2-va-faire-appel-devant-la-dncg-20250624\" data-fig-type=\"NewsFlash\" data-gtm-custom-categorie=\"navigation\" data-gtm-custom-action=\"crossclick\" data-gtm-custom-label=\"Contextuel\" data-gtm-event=\"customEventSPE\" data-fig-domain=\"LEFIGARO\" rel=\"nofollow noopener\" target=\"_blank\">R\u00e9trograd\u00e9 administrativement en Ligue 2 par la Direction nationale du contr\u00f4le de gestion (DNCG) mardi<\/a>, Lyon a annonc\u00e9 vendredi avoir valid\u00e9 sa proc\u00e9dure de viabilit\u00e9 financi\u00e8re avec l\u2019UEFA qui lui a inflig\u00e9 une forte amende de 12,5 millions ferme, ce qui lui permet de disputer la Ligue Europa la saison prochaine, sous r\u00e9serve de son maintien en Ligue 1.<\/p>\n<p class=\"fig-paragraph\">Selon une source proche du dossier, l\u2019amende est de 12,5 M EUR ferme et 37,5 M EUR avec sursis \u00e0 lever si le club atteint des objectifs financiers exig\u00e9s par l\u2019instance. Sans cet accord n\u00e9goci\u00e9, l\u2019UEFA aurait pu exclure l\u2019OL de toute comp\u00e9tition europ\u00e9enne. Qualifi\u00e9 pour la Ligue Europa par sa 6e place\u00a0<a href=\"https:\/\/www.lefigaro.fr\/sports\/football\/ligue-1\/classement\" target=\"_blank\" rel=\"noopener nofollow\" data-gtm-custom-categorie=\"navigation\" data-gtm-custom-action=\"crossclick\" data-gtm-custom-label=\"Contextuel\" data-gtm-event=\"customEventSPE\">au classement de Ligue 1<\/a>\u00a0la saison pass\u00e9e, l\u2019Olympique lyonnais, qui indique dans un communiqu\u00e9 \u00abavoir sign\u00e9 un accord avec l\u2019instance de contr\u00f4le financier des clubs de l\u2019UEFA\u00bb, pr\u00e9cise qu\u2019il pourra jouer la comp\u00e9tition \u00absous r\u00e9serve d\u2019une issue favorable lors de l\u2019appel de la d\u00e9cision\u00bb du gendarme financier du football fran\u00e7ais.<\/p>\n<p>200.000 euros d\u2019amende<\/p>\n<p class=\"fig-paragraph\">En novembre, l\u2019instance de contr\u00f4le financier des clubs (ICFC) de l\u2019UEFA avait lanc\u00e9 une proc\u00e9dure de surveillance \u00e0 l\u2019\u00e9gard de Lyon. Elle avait \u00e9t\u00e9 diligent\u00e9e apr\u00e8s la mesure de r\u00e9trogradation administrative \u00e0 titre conservatoire prise le 15 novembre par la DNCG, et confirm\u00e9e mardi en attendant l\u2019appel du club de l\u2019Am\u00e9ricain John Textor.<\/p>\n<p class=\"fig-paragraph\">Le 5 mai, l\u2019UEFA avait inflig\u00e9 une amende de 200.000 euros \u00e0 l\u2019Olympique lyonnais pour des impay\u00e9s vis-\u00e0-vis d\u2019autres clubs, des employ\u00e9s ou encore des autorit\u00e9s fiscales et sociales. L\u2019OL avait re\u00e7u la plus forte amende parmi tous les clubs concern\u00e9s par ces manquements et avait \u00e9t\u00e9 sanctionn\u00e9 par l\u2019instance du football europ\u00e9en.<\/p>\n<p class=\"fig-paragraph\">L\u2019Olympique lyonnais a assur\u00e9 vendredi n\u2019avoir pas encore re\u00e7u la notification de la d\u00e9cision prise mardi par la DNCG, une d\u00e9cision que le club rhodanien a jug\u00e9 \u00abincompr\u00e9hensible\u00bb dans les heures qui ont suivi, ajoutant qu\u2019\u00abil fera imm\u00e9diatement appel\u00bb. L\u2019OL aura sept jours pour le faire \u00e0 partir de la date de r\u00e9ception du fameux document de la DNCG.<\/p>\n","protected":false},"excerpt":{"rendered":"Bonne nouvelle pour Lyon. Le club pourra bel et bien disputer la Ligue Europa l\u2019ann\u00e9e prochaine, sous r\u00e9serve&hellip;\n","protected":false},"author":2,"featured_media":209655,"comment_status":"","ping_status":"","sticky":false,"template":"","format":"standard","meta":{"footnotes":""},"categories":[1889],"tags":[1111,11,2430,6815,525,1981,1089,814,1777,449,674,2257,63,1011,27,2705,12428,5843,2428,955,12,978,4589,4789,25,1980,455,133],"class_list":{"0":"post-209654","1":"post","2":"type-post","3":"status-publish","4":"format-standard","5":"has-post-thumbnail","7":"category-lyon","8":"tag-actu","9":"tag-actualites","10":"tag-auvergne-rhone-alpes","11":"tag-c3","12":"tag-calendrier","13":"tag-classement","14":"tag-coupe-deurope","15":"tag-direct","16":"tag-eu","17":"tag-europa-league","18":"tag-europe","19":"tag-foot","20":"tag-football","21":"tag-fr","22":"tag-france","23":"tag-groupe","24":"tag-john-textor","25":"tag-ligue-europa","26":"tag-lyon","27":"tag-match","28":"tag-news","29":"tag-olympique-lyonnais","30":"tag-phase-finale","31":"tag-poule","32":"tag-republique-francaise","33":"tag-resultats","34":"tag-uefa","35":"tag-video"},"share_on_mastodon":{"url":"https:\/\/pubeurope.com\/@fr\/114758202341612113","error":""},"_links":{"self":[{"href":"https:\/\/www.europesays.com\/fr\/wp-json\/wp\/v2\/posts\/209654","targetHints":{"allow":["GET"]}}],"collection":[{"href":"https:\/\/www.europesays.com\/fr\/wp-json\/wp\/v2\/posts"}],"about":[{"href":"https:\/\/www.europesays.com\/fr\/wp-json\/wp\/v2\/types\/post"}],"author":[{"embeddable":true,"href":"https:\/\/www.europesays.com\/fr\/wp-json\/wp\/v2\/users\/2"}],"replies":[{"embeddable":true,"href":"https:\/\/www.europesays.com\/fr\/wp-json\/wp\/v2\/comments?post=209654"}],"version-history":[{"count":0,"href":"https:\/\/www.europesays.com\/fr\/wp-json\/wp\/v2\/posts\/209654\/revisions"}],"wp:featuredmedia":[{"embeddable":true,"href":"https:\/\/www.europesays.com\/fr\/wp-json\/wp\/v2\/media\/209655"}],"wp:attachment":[{"href":"https:\/\/www.europesays.com\/fr\/wp-json\/wp\/v2\/media?parent=209654"}],"wp:term":[{"taxonomy":"category","embeddable":true,"href":"https:\/\/www.europesays.com\/fr\/wp-json\/wp\/v2\/categories?post=209654"},{"taxonomy":"post_tag","embeddable":true,"href":"https:\/\/www.europesays.com\/fr\/wp-json\/wp\/v2\/tags?post=209654"}],"curies":[{"name":"wp","href":"https:\/\/api.w.org\/{rel}","templated":true}]}}