{"id":209660,"date":"2025-06-28T00:42:16","date_gmt":"2025-06-28T00:42:16","guid":{"rendered":"https:\/\/www.europesays.com\/fr\/209660\/"},"modified":"2025-06-28T00:42:16","modified_gmt":"2025-06-28T00:42:16","slug":"un-touriste-porte-plainte-apres-setre-fait-voler-une-montre-dune-valeur-de-200-000-euros","status":"publish","type":"post","link":"https:\/\/www.europesays.com\/fr\/209660\/","title":{"rendered":"Un touriste porte plainte apr\u00e8s s\u2019\u00eatre fait voler une montre d\u2019une valeur de 200.000 euros"},"content":{"rendered":"<p>Il est encore sous le choc. Ce mercredi, un touriste anglo-canadien s\u2019est fait d\u00e9rober une montre Patek Philippe d\u2019une valeur estim\u00e9e \u00e0 200.000 euros alors qu\u2019il se promenait\u00a0vers 17 heures dans le Ier arrondissement de Paris, rapporte <a href=\"https:\/\/www.leparisien.fr\/paris-75\/paris-un-touriste-se-fait-voler-a-larrache-sa-montre-a-200-000-euros-26-06-2025-JCXTSQARYREKVL2AOHJJZ42A3Y.php\" rel=\"nofollow noopener\" target=\"_blank\" class=\"color-ultramarine c-link\">Le Parisien<\/a>.<\/p>\n<p>Selon le quotidien, l\u2019<a href=\"https:\/\/www.20minutes.fr\/dossier\/agression\" class=\"color-ultramarine c-link\" target=\"_blank\" rel=\"noopener\">agression<\/a> s\u2019est produite rue Saint-Honor\u00e9, non loin du jardin des Tuileries. La victime marchait dans cette rue connue pour ses enseignes de luxe et ses h\u00f4tels prestigieux lorsqu\u2019un individu l\u2019a abord\u00e9e par-derri\u00e8re et lui a arrach\u00e9 sa montre. Un t\u00e9moin a tent\u00e9 d\u2019intervenir mais le voleur a r\u00e9ussi \u00e0 prendre la <a href=\"https:\/\/www.20minutes.fr\/dossier\/fuite\" class=\"color-ultramarine c-link\" target=\"_blank\" rel=\"noopener\">fuite<\/a> en direction du parc, se volatilisant dans le flux des pi\u00e9tons.<\/p>\n<p>Une plainte d\u00e9pos\u00e9e<\/p>\n<p>Le <a href=\"https:\/\/www.20minutes.fr\/dossier\/tourisme\" class=\"color-ultramarine c-link\" target=\"_blank\" rel=\"noopener\">touriste<\/a>, fortement secou\u00e9 mais indemne, a d\u00e9pos\u00e9 plainte dans la foul\u00e9e. L\u2019<a href=\"https:\/\/www.20minutes.fr\/dossier\/enquete\" class=\"color-ultramarine c-link\" target=\"_blank\" rel=\"noopener\">enqu\u00eate<\/a> a \u00e9t\u00e9 confi\u00e9e aux services territoriaux judiciaires de nuit (STJN), selon une source polici\u00e8re cit\u00e9e par Le Parisien.<\/p>\n<\/p>\n<p>Nos confr\u00e8res rappellent que pendant cette p\u00e9riode, les vols de ce genre sont\u00a0fr\u00e9quents dans les secteurs touristiques parisiens o\u00f9 circulent de nombreux visiteurs \u00e9trangers. Les malfaiteurs agissent en quelques instants, souvent avec m\u00e9thode apr\u00e8s avoir rep\u00e9r\u00e9\u00a0leurs cibles en amont.<\/p>\n","protected":false},"excerpt":{"rendered":"Il est encore sous le choc. Ce mercredi, un touriste anglo-canadien s\u2019est fait d\u00e9rober une montre Patek Philippe&hellip;\n","protected":false},"author":2,"featured_media":209661,"comment_status":"","ping_status":"","sticky":false,"template":"","format":"standard","meta":{"footnotes":""},"categories":[1888],"tags":[1111,1928,47,11,1927,1777,674,118,658,1011,27,662,15422,12,1926,626,1925,25,104,10912],"class_list":{"0":"post-209660","1":"post","2":"type-post","3":"status-publish","4":"format-standard","5":"has-post-thumbnail","7":"category-paris","8":"tag-actu","9":"tag-actu-paris","10":"tag-actualite","11":"tag-actualites","12":"tag-actualites-paris","13":"tag-eu","14":"tag-europe","15":"tag-faits-divers","16":"tag-faits-divers-paris","17":"tag-fr","18":"tag-france","19":"tag-ile-de-france","20":"tag-montre","21":"tag-news","22":"tag-news-paris","23":"tag-paris","24":"tag-paris-news","25":"tag-republique-francaise","26":"tag-societe","27":"tag-voleur"},"share_on_mastodon":{"url":"https:\/\/pubeurope.com\/@fr\/114758218114662732","error":""},"_links":{"self":[{"href":"https:\/\/www.europesays.com\/fr\/wp-json\/wp\/v2\/posts\/209660","targetHints":{"allow":["GET"]}}],"collection":[{"href":"https:\/\/www.europesays.com\/fr\/wp-json\/wp\/v2\/posts"}],"about":[{"href":"https:\/\/www.europesays.com\/fr\/wp-json\/wp\/v2\/types\/post"}],"author":[{"embeddable":true,"href":"https:\/\/www.europesays.com\/fr\/wp-json\/wp\/v2\/users\/2"}],"replies":[{"embeddable":true,"href":"https:\/\/www.europesays.com\/fr\/wp-json\/wp\/v2\/comments?post=209660"}],"version-history":[{"count":0,"href":"https:\/\/www.europesays.com\/fr\/wp-json\/wp\/v2\/posts\/209660\/revisions"}],"wp:featuredmedia":[{"embeddable":true,"href":"https:\/\/www.europesays.com\/fr\/wp-json\/wp\/v2\/media\/209661"}],"wp:attachment":[{"href":"https:\/\/www.europesays.com\/fr\/wp-json\/wp\/v2\/media?parent=209660"}],"wp:term":[{"taxonomy":"category","embeddable":true,"href":"https:\/\/www.europesays.com\/fr\/wp-json\/wp\/v2\/categories?post=209660"},{"taxonomy":"post_tag","embeddable":true,"href":"https:\/\/www.europesays.com\/fr\/wp-json\/wp\/v2\/tags?post=209660"}],"curies":[{"name":"wp","href":"https:\/\/api.w.org\/{rel}","templated":true}]}}