{"id":209664,"date":"2025-06-28T00:44:12","date_gmt":"2025-06-28T00:44:12","guid":{"rendered":"https:\/\/www.europesays.com\/fr\/209664\/"},"modified":"2025-06-28T00:44:12","modified_gmt":"2025-06-28T00:44:12","slug":"un-homme-soupconne-davoir-pique-des-personnes-avec-une-seringue-et-diffuse-des-videos-en-ligne-juge","status":"publish","type":"post","link":"https:\/\/www.europesays.com\/fr\/209664\/","title":{"rendered":"un homme soup\u00e7onn\u00e9 d&rsquo;avoir piqu\u00e9 des personnes avec une seringue et diffus\u00e9 des vid\u00e9os en ligne jug\u00e9"},"content":{"rendered":"<p class=\"article-p mdl\">Un homme de 27 ans surnomm\u00e9 Mojito, <strong>soup\u00e7onn\u00e9 d&rsquo;avoir piqu\u00e9 des personnes avec une seringue,<\/strong> sera jug\u00e9 vendredi 4 juillet\u00a0en comparution imm\u00e9diate \u00ab\u00a0pour violences avec arme n&rsquo;ayant pas entra\u00een\u00e9 d&rsquo;incapacit\u00e9 de travail\u00a0\u00bb\u00a0par le tribunal correctionnel de Paris, a indiqu\u00e9 le parquet, ce vendredi 27 juin. De son vrai nom Ilan M., il est \u00e9galement soup\u00e7onn\u00e9 d&rsquo;avoir diffus\u00e9 des vid\u00e9os de ses actes sur les r\u00e9seaux sociaux.<\/p>\n<p class=\"article-p mdl\">Une enqu\u00eate avait \u00e9t\u00e9 ouverte par la S\u00fbret\u00e9 territoriale de Paris apr\u00e8s \u00ab\u00a0la diffusion sur les r\u00e9seaux sociaux le 20 juin\u00a0\u00bb, soit la veille de la F\u00eate de la musique, \u00ab\u00a0de la vid\u00e9o d&rsquo;un certain \u201cMojito\u201d se <strong>mettant en sc\u00e8ne en train de piquer ou faire mine de piquer des personnes<\/strong> install\u00e9es dans l&rsquo;espace public, \u00e0 l&rsquo;aide d&rsquo;une\u00a0seringue\u00a0\u00bb, a relat\u00e9 le parquet.<\/p>\n<p class=\"article-p mdl\">\u00c0 Paris, <strong>plusieurs enqu\u00eates ont \u00e9t\u00e9 ouvertes<\/strong> apr\u00e8s le signalement de personnes disant avoir \u00e9t\u00e9 piqu\u00e9es par une\u00a0seringue\u00a0lors de la F\u00eate de la musique dans diff\u00e9rents lieux de la capitale. Certaines ont t\u00e9moign\u00e9 de malaises et ont \u00e9t\u00e9 prises en charge dans des h\u00f4pitaux.<\/p>\n<p class=\"article-p mdl\">Dans une autre vid\u00e9o, dat\u00e9e du 23 juin et post\u00e9rieure \u00e0 l&rsquo;\u00e9v\u00e9nement musical, \u00ab\u00a0le mis en cause expliquait avoir <strong>r\u00e9alis\u00e9 cette vid\u00e9o de mani\u00e8re pr\u00e9ventive<\/strong>, en tant qu&rsquo;influenceur, pour alerter des risques de piq\u00fbres pendant la F\u00eate de la musique\u00a0\u00bb, a poursuivi le parquet.<\/p>\n<p>            Le suspect avance une \u00ab\u00a0blague\u00a0\u00bb<\/p>\n<p class=\"article-p mdl\">Ilan M. a \u00e9t\u00e9 interpell\u00e9 jeudi 26 juin.\u00a0Le minist\u00e8re public pr\u00e9cise qu&rsquo;<strong>il a \u00ab\u00a0mis quinze minutes \u00e0 ouvrir aux enqu\u00eateurs<\/strong> qui se pr\u00e9sentaient \u00e0 son domicile, et son t\u00e9l\u00e9phone ne comportait aucune de ces vid\u00e9os\u00a0\u00bb.\u00a0<\/p>\n<p class=\"article-p mdl\">Lors de sa garde \u00e0 vue, \u00ab\u00a0il s&rsquo;est toutefois reconnu sur la vid\u00e9o diffus\u00e9e sur les r\u00e9seaux sociaux, <strong>expliquant qu&rsquo;il s&rsquo;agissait d&rsquo;une \u201cblague\u201d,<\/strong> qu&rsquo;il avait laiss\u00e9 le capuchon sur les seringues, et pr\u00e9tendant ne pas conna\u00eetre l&rsquo;identit\u00e9 de la personne qui le filmait en commettant les faits\u00a0\u00bb, a d\u00e9taill\u00e9 le minist\u00e8re public.<\/p>\n<p class=\"article-p mdl\"><strong>Aucune victime des agissements d&rsquo;Ilan M. n&rsquo;a pu \u00eatre identifi\u00e9e<\/strong> ni entendue, selon le parquet.<\/p>\n<p class=\"article-p mdl\">Dans la nuit du 21 juin et \u00e0 la suite de\u00a0<a class=\"link\" href=\"https:\/\/www.rtl.fr\/actu\/justice-faits-divers\/fete-de-la-musique-y-a-t-il-vraiment-eu-une-vague-de-piqures-sauvages-visant-des-femmes-7900519356\" target=\"_blank\" rel=\"noopener\">publications sur les r\u00e9seaux sociaux appelant \u00e0 \u00ab\u00a0attaquer et \u00e0 piquer des femmes<\/a>\u00a0lors de la F\u00eate de la musique\u00a0\u00bb,\u00a0<a class=\"link\" href=\"https:\/\/www.rtl.fr\/actu\/justice-faits-divers\/fete-de-la-musique-de-nombreuses-piqures-et-plus-de-300-gardes-a-vue-7900518145\" target=\"_blank\" rel=\"noopener\"><strong>145 victimes de piq\u00fbres se sont manifest\u00e9es<\/strong><\/a>\u00a0aupr\u00e8s des services de police en m\u00e9tropole et en outre-mer, avait indiqu\u00e9 dimanche le minist\u00e8re de l&rsquo;Int\u00e9rieur.\u00a0La pr\u00e9fecture de police de Paris a relev\u00e9 21 cas sur sa zone en Ile-de-France, dont 13 \u00e0 Paris.<\/p>\n<p>    La r\u00e9daction vous recommande<\/p>\n<p class=\"s-newsletter__title\">\n                L\u2019actualit\u00e9 par la r\u00e9daction de RTL dans votre bo\u00eete mail.\n            <\/p>\n<p class=\"s-newsletter__subtitle\">\n                Gr\u00e2ce \u00e0 votre compte RTL abonnez-vous \u00e0 la newsletter RTL info pour suivre toute l&rsquo;actualit\u00e9 au quotidien\n            <\/p>\n<p>\n                                    Lire la suite\n                                <\/p>\n","protected":false},"excerpt":{"rendered":"Un homme de 27 ans surnomm\u00e9 Mojito, soup\u00e7onn\u00e9 d&rsquo;avoir piqu\u00e9 des personnes avec une seringue, sera jug\u00e9 vendredi&hellip;\n","protected":false},"author":2,"featured_media":122047,"comment_status":"","ping_status":"","sticky":false,"template":"","format":"standard","meta":{"footnotes":""},"categories":[1888],"tags":[11,13366,1777,674,118,107,1011,27,12,626,25,71],"class_list":{"0":"post-209664","1":"post","2":"type-post","3":"status-publish","4":"format-standard","5":"has-post-thumbnail","7":"category-paris","8":"tag-actualites","9":"tag-dangereux","10":"tag-eu","11":"tag-europe","12":"tag-faits-divers","13":"tag-fil-info","14":"tag-fr","15":"tag-france","16":"tag-news","17":"tag-paris","18":"tag-republique-francaise","19":"tag-sante"},"share_on_mastodon":{"url":"https:\/\/pubeurope.com\/@fr\/114758226003154204","error":""},"_links":{"self":[{"href":"https:\/\/www.europesays.com\/fr\/wp-json\/wp\/v2\/posts\/209664","targetHints":{"allow":["GET"]}}],"collection":[{"href":"https:\/\/www.europesays.com\/fr\/wp-json\/wp\/v2\/posts"}],"about":[{"href":"https:\/\/www.europesays.com\/fr\/wp-json\/wp\/v2\/types\/post"}],"author":[{"embeddable":true,"href":"https:\/\/www.europesays.com\/fr\/wp-json\/wp\/v2\/users\/2"}],"replies":[{"embeddable":true,"href":"https:\/\/www.europesays.com\/fr\/wp-json\/wp\/v2\/comments?post=209664"}],"version-history":[{"count":0,"href":"https:\/\/www.europesays.com\/fr\/wp-json\/wp\/v2\/posts\/209664\/revisions"}],"wp:featuredmedia":[{"embeddable":true,"href":"https:\/\/www.europesays.com\/fr\/wp-json\/wp\/v2\/media\/122047"}],"wp:attachment":[{"href":"https:\/\/www.europesays.com\/fr\/wp-json\/wp\/v2\/media?parent=209664"}],"wp:term":[{"taxonomy":"category","embeddable":true,"href":"https:\/\/www.europesays.com\/fr\/wp-json\/wp\/v2\/categories?post=209664"},{"taxonomy":"post_tag","embeddable":true,"href":"https:\/\/www.europesays.com\/fr\/wp-json\/wp\/v2\/tags?post=209664"}],"curies":[{"name":"wp","href":"https:\/\/api.w.org\/{rel}","templated":true}]}}