{"id":209667,"date":"2025-06-28T00:46:15","date_gmt":"2025-06-28T00:46:15","guid":{"rendered":"https:\/\/www.europesays.com\/fr\/209667\/"},"modified":"2025-06-28T00:46:15","modified_gmt":"2025-06-28T00:46:15","slug":"vladimir-poutine-impose-son-calendrier-et-flatte-lego-de-donald-trump-2","status":"publish","type":"post","link":"https:\/\/www.europesays.com\/fr\/209667\/","title":{"rendered":"Vladimir Poutine impose son calendrier et flatte l\u2019ego de Donald Trump"},"content":{"rendered":"<p><strong>R\u00e9cap &#8211; \u00ab\u00a020 Minutes\u00a0\u00bb fait le point pour vous tous les soirs sur le conflit en Ukraine. Ce vendredi, Vladimir Poutine est sorti d\u2019un silence de plusieurs jours pour dicter son calendrier et faire des papouilles \u00e0 Donald Trump<\/strong><\/p>\n<p>Vous avez rat\u00e9 les derniers \u00e9v\u00e9nements sur la <a href=\"https:\/\/www.20minutes.fr\/monde\/ukraine\/?at_medium=RSS%20feed&amp;at_campaign=ynews&amp;utm_source=yahoo&amp;utm_medium=rss&amp;utm_campaign=news_feed&amp;utm_content=in_article_link\" rel=\"nofollow noopener\" target=\"_blank\" data-ylk=\"slk:guerre en Ukraine;elm:context_link;itc:0;sec:content-canvas\" class=\"link \">guerre en Ukraine<\/a>\u00a0? 20 Minutes fait le point pour vous tous les soirs. Voici l\u2019essentiel de ce vendredi 22\u00a0juin 2025, 1.220e jour du conflit.<\/p>\n<p>Le fait du jour<\/p>\n<p>Il s\u2019agit probablement d\u2019une frappe de missile. Elle a endeuill\u00e9 la ville ukrainienne de Samar, dans la r\u00e9gion de Dnipropetrovsk, au centre-est du pays. Selon le gouverneur r\u00e9gional Sergui\u00ef Lyssak, elle a fait au moins cinq morts et 25 bless\u00e9s, dont quatre se trouvaient dans un \u00e9tat grave.<\/p>\n<p>Situ\u00e9e au nord-est de la capitale r\u00e9gionale de Dnipro, Samar se trouve \u00e0 moins de 150\u00a0km du front oriental, o\u00f9 l\u2019arm\u00e9e russe pousse face \u00e0 des forces ukrainiennes en difficult\u00e9. Mardi, cette ville \u2013 comptant quelque 70.000 habitants avant l\u2019invasion russe \u2013 avait d\u00e9j\u00e0 \u00e9t\u00e9 touch\u00e9e par une frappe russe qui avait tu\u00e9 deux habitants.<\/p>\n<p>La d\u00e9claration du jour<\/p>\n<blockquote class=\"caas-blockquote\">\n<p>Nous sommes convenus de poursuivre nos contacts apr\u00e8s [\u2026] la restitution des corps de nos militaires d\u00e9c\u00e9d\u00e9s [\u2026] Une fois cette \u00e9tape termin\u00e9e, nous tiendrons une troisi\u00e8me s\u00e9rie de n\u00e9gociations. [\u2026] Nous y sommes pr\u00eats<\/p>\n<\/blockquote>\n<p>C\u2019est \u00e0 Minsk, en Bi\u00e9lorussie, que Vladimir Poutine est sorti de son silence de ces derniers jours, en annon\u00e7ant un nouveau round de n\u00e9gociations sur le processus de paix avec les diplomates ukrainiens, probablement \u00e0 Istanbul, une fois de plus. Mais l\u2019optimisme du ma\u00eetre du Kremlin n\u2019est pas bien grand. Au sujet des m\u00e9morandums, les documents que se sont transmis les deux bellig\u00e9rants comme base de discussion, \u00ab\u00a0il n\u2019y a au(&#8230;)<\/p>\n<p><a href=\"https:\/\/www.20minutes.fr\/monde\/ukraine\/4160776-20250627-guerre-ukraine-vladimir-poutine-impose-calendrier-flatte-ego-donald-trump?at_medium=RSS%20feed&amp;at_campaign=ynews&amp;utm_source=yahoo&amp;utm_medium=rss&amp;utm_campaign=news_feed&amp;utm_content=read_more_link&quot;\" rel=\"nofollow noopener\" target=\"_blank\" data-ylk=\"slk:Lire la suite sur 20minutes;elm:context_link;itc:0;sec:content-canvas\" class=\"link \">Lire la suite sur 20minutes<\/a><\/p>\n<p>\u00c0 lire aussi :<br \/><a href=\"https:\/\/www.20minutes.fr\/monde\/ukraine\/4160649-20250626-guerre-ukraine-nouvelles-recrues-nord-coreennes-poutine-man-uvres-inquietent-finlande?at_medium=RSS%20feed&amp;at_campaign=ynews&amp;utm_source=yahoo&amp;utm_medium=rss&amp;utm_campaign=news_feed&amp;utm_content=related_content_link\" rel=\"nofollow noopener\" target=\"_blank\" data-ylk=\"slk:Guerre en Ukraine\u00a0: De nouvelles recrues nord-cor\u00e9ennes pour Poutine et des man\u0153uvres qui inqui\u00e8tent la Finlande;elm:context_link;itc:0;sec:content-canvas\" class=\"link \">Guerre en Ukraine\u00a0: De nouvelles recrues nord-cor\u00e9ennes pour Poutine et des man\u0153uvres qui inqui\u00e8tent la Finlande<\/a><br \/><a href=\"https:\/\/www.20minutes.fr\/monde\/ukraine\/4160641-20250626-guerre-ukraine-navire-russe-deguise-frole-cotes-francaises-britanniques?at_medium=RSS%20feed&amp;at_campaign=ynews&amp;utm_source=yahoo&amp;utm_medium=rss&amp;utm_campaign=news_feed&amp;utm_content=related_content_link\" rel=\"nofollow noopener\" target=\"_blank\" data-ylk=\"slk:Guerre en Ukraine\u00a0: Un navire russe \u00ab\u00a0d\u00e9guis\u00e9\u00a0\u00bb a-t-il fr\u00f4l\u00e9 les c\u00f4tes fran\u00e7aises et britanniques\u00a0?;elm:context_link;itc:0;sec:content-canvas\" class=\"link \">Guerre en Ukraine\u00a0: Un navire russe \u00ab\u00a0d\u00e9guis\u00e9\u00a0\u00bb a-t-il fr\u00f4l\u00e9 les c\u00f4tes fran\u00e7aises et britanniques\u00a0?<\/a><\/p>\n","protected":false},"excerpt":{"rendered":"R\u00e9cap &#8211; \u00ab\u00a020 Minutes\u00a0\u00bb fait le point pour vous tous les soirs sur le conflit en Ukraine. Ce&hellip;\n","protected":false},"author":2,"featured_media":209668,"comment_status":"","ping_status":"","sticky":false,"template":"","format":"standard","meta":{"footnotes":""},"categories":[1590],"tags":[642,11,75,1777,674,131,12,220,135],"class_list":{"0":"post-209667","1":"post","2":"type-post","3":"status-publish","4":"format-standard","5":"has-post-thumbnail","7":"category-ukraine","8":"tag-20-minutes","9":"tag-actualites","10":"tag-donald-trump","11":"tag-eu","12":"tag-europe","13":"tag-guerre-en-ukraine","14":"tag-news","15":"tag-ukraine","16":"tag-vladimir-poutine"},"share_on_mastodon":{"url":"https:\/\/pubeurope.com\/@fr\/114758233932384336","error":""},"_links":{"self":[{"href":"https:\/\/www.europesays.com\/fr\/wp-json\/wp\/v2\/posts\/209667","targetHints":{"allow":["GET"]}}],"collection":[{"href":"https:\/\/www.europesays.com\/fr\/wp-json\/wp\/v2\/posts"}],"about":[{"href":"https:\/\/www.europesays.com\/fr\/wp-json\/wp\/v2\/types\/post"}],"author":[{"embeddable":true,"href":"https:\/\/www.europesays.com\/fr\/wp-json\/wp\/v2\/users\/2"}],"replies":[{"embeddable":true,"href":"https:\/\/www.europesays.com\/fr\/wp-json\/wp\/v2\/comments?post=209667"}],"version-history":[{"count":0,"href":"https:\/\/www.europesays.com\/fr\/wp-json\/wp\/v2\/posts\/209667\/revisions"}],"wp:featuredmedia":[{"embeddable":true,"href":"https:\/\/www.europesays.com\/fr\/wp-json\/wp\/v2\/media\/209668"}],"wp:attachment":[{"href":"https:\/\/www.europesays.com\/fr\/wp-json\/wp\/v2\/media?parent=209667"}],"wp:term":[{"taxonomy":"category","embeddable":true,"href":"https:\/\/www.europesays.com\/fr\/wp-json\/wp\/v2\/categories?post=209667"},{"taxonomy":"post_tag","embeddable":true,"href":"https:\/\/www.europesays.com\/fr\/wp-json\/wp\/v2\/tags?post=209667"}],"curies":[{"name":"wp","href":"https:\/\/api.w.org\/{rel}","templated":true}]}}