{"id":209669,"date":"2025-06-28T00:47:10","date_gmt":"2025-06-28T00:47:10","guid":{"rendered":"https:\/\/www.europesays.com\/fr\/209669\/"},"modified":"2025-06-28T00:47:10","modified_gmt":"2025-06-28T00:47:10","slug":"expulse-par-erreur-un-immigre-salvadorien-demande-a-rester-en-detention-pour-eviter-un-nouveau-depart-force","status":"publish","type":"post","link":"https:\/\/www.europesays.com\/fr\/209669\/","title":{"rendered":"Expuls\u00e9 par erreur, un immigr\u00e9 Salvadorien demande \u00e0 rester en d\u00e9tention pour \u00e9viter un nouveau d\u00e9part forc\u00e9"},"content":{"rendered":"<p>Expuls\u00e9 par erreur en mars dernier puis discr\u00e8tement rapatri\u00e9 aux <a href=\"https:\/\/www.20minutes.fr\/monde\/etats-unis\/\" class=\"color-ultramarine c-link\" target=\"_blank\" rel=\"noopener\">\u00c9tats-Unis<\/a> apr\u00e8s des mois de bras de fer judiciaire, <a href=\"https:\/\/www.20minutes.fr\/monde\/etats-unis\/4148882-20250416-expulse-tort-trump-kilmar-abrego-garcia-bloque-prison-salvador-raconte-histoire\" class=\"color-ultramarine c-link\" target=\"_blank\" rel=\"noopener\">Kilmar Abrego Garcia<\/a>, un Salvadorien r\u00e9sidant l\u00e9galement dans le Maryland, a demand\u00e9 vendredi \u00e0 prolonger volontairement sa d\u00e9tention. En cause\u00a0: la crainte d\u2019\u00eatre renvoy\u00e9 d\u00e8s sa lib\u00e9ration, malgr\u00e9 une d\u00e9cision de justice favorable.<\/p>\n<p>Mari\u00e9 \u00e0 une Am\u00e9ricaine, Abrego Garcia avait \u00e9t\u00e9 expuls\u00e9 vers le Salvador le 15\u00a0mars, avec plus de 250 autres personnes, en majorit\u00e9 suspect\u00e9es d\u2019appartenance \u00e0 un gang v\u00e9n\u00e9zu\u00e9lien. Apr\u00e8s que la <a href=\"https:\/\/www.20minutes.fr\/monde\/cour_supreme\/\" class=\"color-ultramarine c-link\" target=\"_blank\" rel=\"noopener\">Cour supr\u00eame<\/a> a ordonn\u00e9 son retour, l\u2019administration Trump a finalement accept\u00e9 de le faire revenir le 6\u00a0juin. Mais dans la foul\u00e9e, les autorit\u00e9s ont lanc\u00e9 de nouvelles poursuites \u00e0 son encontre, l\u2019accusant cette fois d\u2019avoir facilit\u00e9 la pr\u00e9sence ill\u00e9gale de migrants aux \u00c9tats-Unis.<\/p>\n<\/p>\n<p>Une requ\u00eate pour le moins inhabituelle<\/p>\n<p>Une juge f\u00e9d\u00e9rale \u00e0 Nashville (Tennessee) a pourtant estim\u00e9 cette semaine qu\u2019il n\u2019y avait pas lieu de le maintenir en d\u00e9tention au titre de ces accusations et a fix\u00e9 les modalit\u00e9s de sa lib\u00e9ration. Elle a par ailleurs pr\u00e9cis\u00e9 que Kilmar Abrego Garcia \u00e9tait accus\u00e9 d\u2019aide au s\u00e9jour ill\u00e9gal mais pas de \u00ab\u00a0trafic\u00a0\u00bb de migrants. Mais, dans une requ\u00eate inhabituelle, ses avocats ont demand\u00e9 un sursis \u00e0 cette sortie, redoutant une expulsion imm\u00e9diate vers un \u00ab\u00a0pays tiers\u00a0\u00bb, \u00e9voqu\u00e9e la veille par des repr\u00e9sentants du gouvernement devant une autre juridiction.<\/p>\n<p>Les avocats de Kilmar Abrego Garcia se disent \u00ab\u00a0bien conscients du caract\u00e8re paradoxal de cette requ\u00eate\u00a0\u00bb et expliquent leur demande par le fait qu\u2019ils ne peuvent accorder \u00ab\u00a0aucun cr\u00e9dit aux assurances du minist\u00e8re de la Justice\u00a0\u00bb quant au respect des droits de leur client. Le gouvernement, qui ne s\u2019oppose pas \u00e0 ce report jusqu\u2019au 16\u00a0juillet prochain, a de son c\u00f4t\u00e9 rappel\u00e9 que la proc\u00e9dure d\u2019expulsion reprendra effectivement d\u00e8s qu\u2019il sera rel\u00e2ch\u00e9.<\/p>\n<p><a href=\"https:\/\/www.20minutes.fr\/monde\/etats-unis\/\" class=\"c-link c-btn c-btn--primary\" target=\"_blank\" rel=\"noopener\">Notre dossier sur les \u00c9tats-Unis<\/a>Une \u00ab\u00a0invasion\u00a0\u00bb des \u00c9tats-Unis par des \u00ab\u00a0criminels \u00e9trangers\u00a0\u00bb<\/p>\n<p><a href=\"https:\/\/www.20minutes.fr\/dossier\/donald_trump\" class=\"color-ultramarine c-link\" target=\"_blank\" rel=\"noopener\">Donald Trump<\/a> a \u00e9rig\u00e9 la lutte contre l\u2019immigration clandestine en priorit\u00e9 absolue, \u00e9voquant une \u00ab\u00a0invasion\u00a0\u00bb des Etats-Unis par des \u00ab\u00a0criminels venus de l\u2019\u00e9tranger\u00a0\u00bb et communiquant abondamment sur les expulsions d\u2019immigr\u00e9s.<\/p>\n<p>Mais son programme d\u2019expulsions massives a \u00e9t\u00e9 contrecarr\u00e9 ou frein\u00e9 par de multiples d\u00e9cisions de justice, notamment au motif que les personnes vis\u00e9es devaient pouvoir faire valoir leurs droits.<\/p>\n","protected":false},"excerpt":{"rendered":"Expuls\u00e9 par erreur en mars dernier puis discr\u00e8tement rapatri\u00e9 aux \u00c9tats-Unis apr\u00e8s des mois de bras de fer&hellip;\n","protected":false},"author":2,"featured_media":209670,"comment_status":"","ping_status":"","sticky":false,"template":"","format":"standard","meta":{"footnotes":""},"categories":[1589],"tags":[47,11,10658,75,73,1866,1061,6734,74,12,1864,1865,1863,308],"class_list":{"0":"post-209669","1":"post","2":"type-post","3":"status-publish","4":"format-standard","5":"has-post-thumbnail","7":"category-etats-unis","8":"tag-actualite","9":"tag-actualites","10":"tag-cour-supreme","11":"tag-donald-trump","12":"tag-etats-unis","13":"tag-etats-unis-damerique","14":"tag-immigration","15":"tag-immigration-clandestine","16":"tag-monde","17":"tag-news","18":"tag-united-states","19":"tag-united-states-of-america","20":"tag-us","21":"tag-usa"},"share_on_mastodon":{"url":"https:\/\/pubeurope.com\/@fr\/114758237892723770","error":""},"_links":{"self":[{"href":"https:\/\/www.europesays.com\/fr\/wp-json\/wp\/v2\/posts\/209669","targetHints":{"allow":["GET"]}}],"collection":[{"href":"https:\/\/www.europesays.com\/fr\/wp-json\/wp\/v2\/posts"}],"about":[{"href":"https:\/\/www.europesays.com\/fr\/wp-json\/wp\/v2\/types\/post"}],"author":[{"embeddable":true,"href":"https:\/\/www.europesays.com\/fr\/wp-json\/wp\/v2\/users\/2"}],"replies":[{"embeddable":true,"href":"https:\/\/www.europesays.com\/fr\/wp-json\/wp\/v2\/comments?post=209669"}],"version-history":[{"count":0,"href":"https:\/\/www.europesays.com\/fr\/wp-json\/wp\/v2\/posts\/209669\/revisions"}],"wp:featuredmedia":[{"embeddable":true,"href":"https:\/\/www.europesays.com\/fr\/wp-json\/wp\/v2\/media\/209670"}],"wp:attachment":[{"href":"https:\/\/www.europesays.com\/fr\/wp-json\/wp\/v2\/media?parent=209669"}],"wp:term":[{"taxonomy":"category","embeddable":true,"href":"https:\/\/www.europesays.com\/fr\/wp-json\/wp\/v2\/categories?post=209669"},{"taxonomy":"post_tag","embeddable":true,"href":"https:\/\/www.europesays.com\/fr\/wp-json\/wp\/v2\/tags?post=209669"}],"curies":[{"name":"wp","href":"https:\/\/api.w.org\/{rel}","templated":true}]}}