{"id":209673,"date":"2025-06-28T00:49:09","date_gmt":"2025-06-28T00:49:09","guid":{"rendered":"https:\/\/www.europesays.com\/fr\/209673\/"},"modified":"2025-06-28T00:49:09","modified_gmt":"2025-06-28T00:49:09","slug":"apple-et-google-doivent-retirer-deepseek","status":"publish","type":"post","link":"https:\/\/www.europesays.com\/fr\/209673\/","title":{"rendered":"Apple et Google doivent retirer DeepSeek"},"content":{"rendered":"<p><img decoding=\"async\" src=\"https:\/\/www.europesays.com\/fr\/wp-content\/uploads\/2025\/06\/allemagne-demande-apple-google-retirer-application-deepseek-raisons-confidentialite-donnees.jpg\" style=\"max-width:100%\"\/><\/p>\n<p>L\u2019Allemagne est le dernier pays \u00e0 s\u2019opposer \u00e0 DeepSeek en raison de pr\u00e9occupations croissantes concernant la confidentialit\u00e9 des donn\u00e9es. Voici pourquoi cette situation se r\u00e9p\u00e8te.<\/p>\n<p>Un probl\u00e8me li\u00e9 \u00e0 la Chine<\/p>\n<p>Lorsque DeepSeek a conquis le monde plus t\u00f4t cette ann\u00e9e, il n\u2019a pas fallu longtemps avant que les gouvernements occidentaux ne prennent position.<\/p>\n<p>Les utilisateurs ont vite d\u00e9couvert que les mod\u00e8les de l\u2019application \u00e9taient fortement mod\u00e9r\u00e9s, \u00e9vitant de r\u00e9pondre \u00e0 des questions pouvant nuire \u00e0 l\u2019image de la Chine et de son gouvernement.<\/p>\n<p>Plus gravement, la politique de confidentialit\u00e9 de DeepSeek confirme que l\u2019application stocke les requ\u00eates des utilisateurs, les fichiers t\u00e9l\u00e9charg\u00e9s et d\u2019autres donn\u00e9es personnelles sur des serveurs situ\u00e9s en Chine, o\u00f9 les autorit\u00e9s ont un acc\u00e8s consid\u00e9rable en vertu des lois nationales sur le renseignement.<\/p>\n<p>Cette situation a suscit\u00e9 des inqui\u00e9tudes \u00e0 l\u2019\u00e9chelle mondiale. L\u2019Italie fut l\u2019un des premiers pays \u00e0 retirer DeepSeek de ses magasins d\u2019applications. La Cor\u00e9e du Sud a \u00e9galement effectu\u00e9 la m\u00eame action. Aux Pays-Bas, l\u2019application a \u00e9t\u00e9 interdite sur les dispositifs gouvernementaux, la Belgique a conseill\u00e9 \u00e0 ses fonctionnaires de s\u2019en m\u00e9fier, et le principal groupe de consommateurs d\u2019Espagne a officiellement demand\u00e9 une enqu\u00eate.<\/p>\n<p>L\u2019Allemagne rejoint la liste<\/p>\n<p>Cette semaine, le principal r\u00e9gulateur allemand en mati\u00e8re de protection des donn\u00e9es a officiellement demand\u00e9 \u00e0 Apple et Google de retirer DeepSeek de leurs magasins d\u2019applications, \u00e9voquant des inqui\u00e9tudes quant au transfert ill\u00e9gal de donn\u00e9es personnelles vers la Chine.<\/p>\n<p>Dans un communiqu\u00e9 publi\u00e9 vendredi, Meike Kamp, la commissaire f\u00e9d\u00e9rale \u00e0 la protection des donn\u00e9es et \u00e0 la libert\u00e9 d\u2019information de Berlin, a d\u00e9clar\u00e9 que DeepSeek n\u2019avait pas r\u00e9ussi \u00e0 fournir des garanties suffisantes quant \u00e0 la protection des donn\u00e9es des utilisateurs selon des normes \u00e9quivalentes \u00e0 celles de l\u2019UE : <\/p>\n<blockquote>\n<p>\u00ab DeepSeek n\u2019a pas \u00e9t\u00e9 en mesure de fournir \u00e0 mon agence des preuves convaincantes que les donn\u00e9es des utilisateurs allemands sont prot\u00e9g\u00e9es en Chine \u00e0 un niveau \u00e9quivalent \u00e0 celui de l\u2019Union europ\u00e9enne. \u00bb<\/p>\n<\/blockquote>\n<p>Le bureau de Kamp avait auparavant demand\u00e9 \u00e0 DeepSeek de respecter les exigences de l\u2019UE concernant le transfert de donn\u00e9es ou de retirer l\u2019application de son plein gr\u00e9. Cela n\u2019a pas \u00e9t\u00e9 fait.<\/p>\n<p>Il convient de pr\u00e9ciser que les mod\u00e8les locaux et open-source de DeepSeek sont relativement faciles \u00e0 ajuster ou \u00e0 d\u00e9tacher de leurs biais centr\u00e9s sur la Chine. Cependant, cela ne s\u2019applique pas \u00e0 l\u2019application ou au site Web, qui fonctionnent tous deux avec une version h\u00e9berg\u00e9e contr\u00f4l\u00e9e enti\u00e8rement par la soci\u00e9t\u00e9.<\/p>\n<p>Concernant la demande de suppression, Google a indiqu\u00e9 \u00e0 Reuters qu\u2019il \u00e9tait en train de l\u2019examiner. Apple n\u2019a pas encore comment\u00e9, mais nous avons pris contact et nous mettrons \u00e0 jour cet article si nous recevons une r\u00e9ponse.<\/p>\n","protected":false},"excerpt":{"rendered":"L\u2019Allemagne est le dernier pays \u00e0 s\u2019opposer \u00e0 DeepSeek en raison de pr\u00e9occupations croissantes concernant la confidentialit\u00e9 des&hellip;\n","protected":false},"author":2,"featured_media":209674,"comment_status":"","ping_status":"","sticky":false,"template":"","format":"standard","meta":{"footnotes":""},"categories":[1587],"tags":[11,672,1804,1805,1803,1777,674,1801,12,1802],"class_list":{"0":"post-209673","1":"post","2":"type-post","3":"status-publish","4":"format-standard","5":"has-post-thumbnail","7":"category-allemagne","8":"tag-actualites","9":"tag-allemagne","10":"tag-bundesrepublik-deutschland","11":"tag-de","12":"tag-deutschland","13":"tag-eu","14":"tag-europe","15":"tag-germany","16":"tag-news","17":"tag-republique-federale-dallemagne"},"share_on_mastodon":{"url":"https:\/\/pubeurope.com\/@fr\/114758245688031181","error":""},"_links":{"self":[{"href":"https:\/\/www.europesays.com\/fr\/wp-json\/wp\/v2\/posts\/209673","targetHints":{"allow":["GET"]}}],"collection":[{"href":"https:\/\/www.europesays.com\/fr\/wp-json\/wp\/v2\/posts"}],"about":[{"href":"https:\/\/www.europesays.com\/fr\/wp-json\/wp\/v2\/types\/post"}],"author":[{"embeddable":true,"href":"https:\/\/www.europesays.com\/fr\/wp-json\/wp\/v2\/users\/2"}],"replies":[{"embeddable":true,"href":"https:\/\/www.europesays.com\/fr\/wp-json\/wp\/v2\/comments?post=209673"}],"version-history":[{"count":0,"href":"https:\/\/www.europesays.com\/fr\/wp-json\/wp\/v2\/posts\/209673\/revisions"}],"wp:featuredmedia":[{"embeddable":true,"href":"https:\/\/www.europesays.com\/fr\/wp-json\/wp\/v2\/media\/209674"}],"wp:attachment":[{"href":"https:\/\/www.europesays.com\/fr\/wp-json\/wp\/v2\/media?parent=209673"}],"wp:term":[{"taxonomy":"category","embeddable":true,"href":"https:\/\/www.europesays.com\/fr\/wp-json\/wp\/v2\/categories?post=209673"},{"taxonomy":"post_tag","embeddable":true,"href":"https:\/\/www.europesays.com\/fr\/wp-json\/wp\/v2\/tags?post=209673"}],"curies":[{"name":"wp","href":"https:\/\/api.w.org\/{rel}","templated":true}]}}