{"id":209675,"date":"2025-06-28T00:50:10","date_gmt":"2025-06-28T00:50:10","guid":{"rendered":"https:\/\/www.europesays.com\/fr\/209675\/"},"modified":"2025-06-28T00:50:10","modified_gmt":"2025-06-28T00:50:10","slug":"face-a-lultimatum-de-trump-les-leaders-europeens-a-la-recherche-dun-cap-clair","status":"publish","type":"post","link":"https:\/\/www.europesays.com\/fr\/209675\/","title":{"rendered":"Face \u00e0 \u201cl\u2019ultimatum\u201d de Trump, les leaders europ\u00e9ens \u00e0 la recherche d\u2019un cap clair"},"content":{"rendered":"\n<p>Ses derni\u00e8res volte-face sur la sc\u00e8ne internationale le d\u00e9montrent\u00a0: Donald Trump tient plus que tout \u00e0 son r\u00f4le de \u201cma\u00eetre des horloges\u201d. Ainsi, comme sur <a href=\"https:\/\/www.courrierinternational.com\/article\/moyen-orient-trump-israel-et-l-iran-de-la-guerre-des-12-jours-a-la-paix-pour-toujours_232338\" target=\"_blank\" rel=\"noopener\">le dossier iranien<\/a>, o\u00f9 il a encha\u00een\u00e9 les ultimatums et les revirements de position soudains, sur les droits de douane aussi, le pr\u00e9sident am\u00e9ricain veut mener la barque \u00e0 son rythme.<\/p>\n<p>Voil\u00e0 pourquoi, en avril, il a accord\u00e9 aux Europ\u00e9ens une tr\u00eave de quatre-vingt-dix jours. Une pause qui prendra normalement fin le 9\u00a0juillet.<\/p>\n<p>L\u2019\u00e9ch\u00e9ance arrivant \u00e0 grands pas, les leaders des \u00c9tats membres de l\u2019UE, r\u00e9unis depuis le 26\u00a0juin au sein du Conseil europ\u00e9en, tentent p\u00e9niblement de trouver une position commune pour r\u00e9pondre \u00e0 Trump. \u201cChacun souhaite un accord avec les \u00c9tats-Unis, <a href=\"https:\/\/www.lesoir.be\/684314\/article\/2025-06-26\/au-sommet-europeen-les-vingt-sept-tentent-de-fixer-leur-ligne-rouge-dans-la\" target=\"_blank\" rel=\"noopener\">r\u00e9sume habilement <strong>Le Soir<\/strong><\/a><strong>,<\/strong> mais personne ne le veut \u00e0 tout prix. Reste \u00e0 d\u00e9finir ce qu\u2019est ce prix.\u201d<\/p>\n<p>Sur le sujet, chaque pays a son opinion, qui d\u00e9pend souvent des int\u00e9r\u00eats sp\u00e9cifiques li\u00e9s \u00e0 son \u00e9conomie. L\u2019Allemagne, par exemple, \u201crepose fortement sur ses exportations, notamment de voitures, actuellement soumises \u00e0 des droits de douane de 25\u00a0% \u00e0 leur arriv\u00e9e sur le sol \u00e9tats-unien\u201d, d\u00e9taille le m\u00e9dia belge. Voil\u00e0 pourquoi, le <a href=\"https:\/\/www.courrierinternational.com\/article\/geopolitique-friedrich-merz-le-chancelier-qui-bouleverse-la-politique-etrangere-allemande_231327\" target=\"_blank\" rel=\"noopener\">chancelier Friedrich Merz<\/a> \u201ca fait part de sa volont\u00e9 que la Commission aboutisse \u2018rap<\/p>\n","protected":false},"excerpt":{"rendered":"Ses derni\u00e8res volte-face sur la sc\u00e8ne internationale le d\u00e9montrent\u00a0: Donald Trump tient plus que tout \u00e0 son r\u00f4le&hellip;\n","protected":false},"author":2,"featured_media":209676,"comment_status":"","ping_status":"","sticky":false,"template":"","format":"standard","meta":{"footnotes":""},"categories":[1586],"tags":[11,7663,75,2388,1777,674,1011,27,1892,12,25,2542,2475,2544],"class_list":{"0":"post-209675","1":"post","2":"type-post","3":"status-publish","4":"format-standard","5":"has-post-thumbnail","7":"category-europe","8":"tag-actualites","9":"tag-commission-europu00e9enne","10":"tag-donald-trump","11":"tag-droits-de-douane","12":"tag-eu","13":"tag-europe","14":"tag-fr","15":"tag-france","16":"tag-gu00e9opolitique","17":"tag-news","18":"tag-republique-francaise","19":"tag-u00e9conomie","20":"tag-union-europu00e9enne","21":"tag-ursula-von-der-leyen"},"share_on_mastodon":{"url":"https:\/\/pubeurope.com\/@fr\/114758249614093465","error":""},"_links":{"self":[{"href":"https:\/\/www.europesays.com\/fr\/wp-json\/wp\/v2\/posts\/209675","targetHints":{"allow":["GET"]}}],"collection":[{"href":"https:\/\/www.europesays.com\/fr\/wp-json\/wp\/v2\/posts"}],"about":[{"href":"https:\/\/www.europesays.com\/fr\/wp-json\/wp\/v2\/types\/post"}],"author":[{"embeddable":true,"href":"https:\/\/www.europesays.com\/fr\/wp-json\/wp\/v2\/users\/2"}],"replies":[{"embeddable":true,"href":"https:\/\/www.europesays.com\/fr\/wp-json\/wp\/v2\/comments?post=209675"}],"version-history":[{"count":0,"href":"https:\/\/www.europesays.com\/fr\/wp-json\/wp\/v2\/posts\/209675\/revisions"}],"wp:featuredmedia":[{"embeddable":true,"href":"https:\/\/www.europesays.com\/fr\/wp-json\/wp\/v2\/media\/209676"}],"wp:attachment":[{"href":"https:\/\/www.europesays.com\/fr\/wp-json\/wp\/v2\/media?parent=209675"}],"wp:term":[{"taxonomy":"category","embeddable":true,"href":"https:\/\/www.europesays.com\/fr\/wp-json\/wp\/v2\/categories?post=209675"},{"taxonomy":"post_tag","embeddable":true,"href":"https:\/\/www.europesays.com\/fr\/wp-json\/wp\/v2\/tags?post=209675"}],"curies":[{"name":"wp","href":"https:\/\/api.w.org\/{rel}","templated":true}]}}