{"id":209677,"date":"2025-06-28T00:51:10","date_gmt":"2025-06-28T00:51:10","guid":{"rendered":"https:\/\/www.europesays.com\/fr\/209677\/"},"modified":"2025-06-28T00:51:10","modified_gmt":"2025-06-28T00:51:10","slug":"lue-menace-meta-damendes-quotidiennes-pour-son-offre-pay-or-consent","status":"publish","type":"post","link":"https:\/\/www.europesays.com\/fr\/209677\/","title":{"rendered":"L&rsquo;UE menace Meta d&rsquo;amendes quotidiennes pour son offre \u00ab\u00a0pay-or-consent\u00a0\u00bb"},"content":{"rendered":"<p>Le g\u00e9ant des r\u00e9seaux sociaux propose depuis novembre 2023 aux utilisateurs de <a title=\"Facebook : News et nouveaut\u00e9s du r\u00e9seau social - L&#039;Usine Digitale\" href=\"https:\/\/www.usine-digitale.fr\/facebook\/\" rel=\"nofollow noopener\" target=\"\" class=\"lien-contextuel\">Facebook<\/a> et d&rsquo;<a title=\"Instagram\" href=\"https:\/\/www.usine-digitale.fr\/annuaire-start-up\/instagram,197857\" rel=\"nofollow noopener\" target=\"blank\" class=\"lien-contextuel\">Instagram<\/a> deux formules d&rsquo;acc\u00e8s, l&rsquo;une gratuite avec un suivi publicitaire, l&rsquo;autre payante sans publicit\u00e9. <\/p>\n<p>Ce nouvel avertissement intervient alors que la Commission europ\u00e9enne a d\u00e9j\u00e0 inflig\u00e9 \u00e0 Meta une amende de 200 millions d&rsquo;euros pour infraction \u00e0 la loi sur les march\u00e9s num\u00e9riques (DMA), visant \u00e0 limiter le pouvoir des grandes entreprises technologiques et \u00e0 garantir des conditions de concurrence \u00e9quitables aux acteurs plus petits.<\/p>\n<p>L&rsquo;ex\u00e9cutif europ\u00e9en a d\u00e9clar\u00e9 vendredi que Meta n&rsquo;apporterait que des changements limit\u00e9s \u00e0 son mod\u00e8le \u00ab\u00a0pay-or-consent\u00a0\u00bb qui a d\u00e9j\u00e0 \u00e9t\u00e9 modifi\u00e9 en novembre 2024 afin qu&rsquo;il utilise moins de donn\u00e9es personnelles \u00e0 des fins de publicit\u00e9 cibl\u00e9e.<\/p>\n<p>\u00ab\u00a0La Commission ne peut pas confirmer \u00e0 ce stade si ces changements sont suffisants pour respecter les principaux param\u00e8tres de conformit\u00e9 d\u00e9crits dans sa d\u00e9cision de non-conformit\u00e9\u00a0\u00bb d&rsquo;avril dernier, a d\u00e9clar\u00e9 \u00e0 Reuters un porte-parole de l&rsquo;ex\u00e9cutif europ\u00e9en.<\/p>\n<p>\u00ab\u00a0En gardant cela \u00e0 l&rsquo;esprit, nous envisagerons les prochaines \u00e9tapes, notamment en rappelant que la poursuite du non-respect (de la loi) pourrait entra\u00eener l&rsquo;application d&rsquo;astreintes \u00e0 compter du 27 juin 2025, comme indiqu\u00e9 dans la d\u00e9cision de non-conformit\u00e9\u00a0\u00bb, poursuit la Commission europ\u00e9enne.<\/p>\n<p>Meta n&rsquo;a pas fait aucun commentaire dans l&rsquo;imm\u00e9diat. <\/p>\n<p>Des amendes quotidiennes peuvent repr\u00e9senter jusqu&rsquo;\u00e0 5% du chiffre d&rsquo;affaires journalier moyen d&rsquo;une entreprise au niveau mondial.<\/p>\n<p> (Reportage Foo Yun Chee; version fran\u00e7aise Claude Chendjou, \u00e9dit\u00e9 par Sophie Louet)<\/p>\n","protected":false},"excerpt":{"rendered":"Le g\u00e9ant des r\u00e9seaux sociaux propose depuis novembre 2023 aux utilisateurs de Facebook et d&rsquo;Instagram deux formules d&rsquo;acc\u00e8s,&hellip;\n","protected":false},"author":2,"featured_media":209678,"comment_status":"","ping_status":"","sticky":false,"template":"","format":"standard","meta":{"footnotes":""},"categories":[1586],"tags":[11,2125,1777,674,1779,1011,27,2124,12,25,1778,364],"class_list":{"0":"post-209677","1":"post","2":"type-post","3":"status-publish","4":"format-standard","5":"has-post-thumbnail","7":"category-europe","8":"tag-actualites","9":"tag-depeches-reuters","10":"tag-eu","11":"tag-europe","12":"tag-european-union","13":"tag-fr","14":"tag-france","15":"tag-infos-reuters","16":"tag-news","17":"tag-republique-francaise","18":"tag-ue","19":"tag-union-europeenne"},"share_on_mastodon":{"url":"https:\/\/pubeurope.com\/@fr\/114758253569779101","error":""},"_links":{"self":[{"href":"https:\/\/www.europesays.com\/fr\/wp-json\/wp\/v2\/posts\/209677","targetHints":{"allow":["GET"]}}],"collection":[{"href":"https:\/\/www.europesays.com\/fr\/wp-json\/wp\/v2\/posts"}],"about":[{"href":"https:\/\/www.europesays.com\/fr\/wp-json\/wp\/v2\/types\/post"}],"author":[{"embeddable":true,"href":"https:\/\/www.europesays.com\/fr\/wp-json\/wp\/v2\/users\/2"}],"replies":[{"embeddable":true,"href":"https:\/\/www.europesays.com\/fr\/wp-json\/wp\/v2\/comments?post=209677"}],"version-history":[{"count":0,"href":"https:\/\/www.europesays.com\/fr\/wp-json\/wp\/v2\/posts\/209677\/revisions"}],"wp:featuredmedia":[{"embeddable":true,"href":"https:\/\/www.europesays.com\/fr\/wp-json\/wp\/v2\/media\/209678"}],"wp:attachment":[{"href":"https:\/\/www.europesays.com\/fr\/wp-json\/wp\/v2\/media?parent=209677"}],"wp:term":[{"taxonomy":"category","embeddable":true,"href":"https:\/\/www.europesays.com\/fr\/wp-json\/wp\/v2\/categories?post=209677"},{"taxonomy":"post_tag","embeddable":true,"href":"https:\/\/www.europesays.com\/fr\/wp-json\/wp\/v2\/tags?post=209677"}],"curies":[{"name":"wp","href":"https:\/\/api.w.org\/{rel}","templated":true}]}}