{"id":209703,"date":"2025-06-28T01:05:30","date_gmt":"2025-06-28T01:05:30","guid":{"rendered":"https:\/\/www.europesays.com\/fr\/209703\/"},"modified":"2025-06-28T01:05:30","modified_gmt":"2025-06-28T01:05:30","slug":"quelle-est-cette-sculpture-de-cinq-metres-de-haut-qui-vient-de-seriger-a-angers","status":"publish","type":"post","link":"https:\/\/www.europesays.com\/fr\/209703\/","title":{"rendered":"Quelle est cette sculpture de cinq\u00a0m\u00e8tres de haut qui vient de s\u2019\u00e9riger \u00e0 Angers\u00a0?"},"content":{"rendered":"<p>Bleu d\u2019un c\u00f4t\u00e9, rouge de l\u2019autre. Pos\u00e9 sur un socle au sein de l\u2019esplanade C\u0153ur de Maine, avec le ch\u00e2teau et la Maine en arri\u00e8re-plan. Les plus curieux des Angevins l\u2019auront aper\u00e7u d\u00e8s mercredi soir quand elle a fini d\u2019\u00eatre install\u00e9e. Les autres l\u2019auront d\u00e9couvert ce jeudi matin. Son nom\u00a0: C\u0153ur de l\u2019\u00e9t\u00e9. Cette sculpture, r\u00e9alis\u00e9e par l\u2019Atelier D\u00e9cors de la Ville, tr\u00f4ne \u00e0 une hauteur de 5\u00a0m\u00e8tres de haut, pour autant de largeur. Elle restera sur place tout l\u2019\u00e9t\u00e9, plus exactement jusqu\u2019au 14\u00a0septembre prochain, <a href=\"https:\/\/angers.maville.com\/actu\/actudet_-kermesses-fetes-foraines...-le-theme-et-les-dates-du-festival-des-accroche-coeurs-2025-devoiles-_52728-6869606_actu.Htm\" target=\"_self\" rel=\"nofollow noopener\">date de cl\u00f4ture du festival des Accroche-C\u0153urs, qui\u00a0d\u00e9butera\u00a0le\u00a012\u00a0septembre<\/a>.<\/p>\n<p>\t<img decoding=\"async\" src=\"https:\/\/www.europesays.com\/fr\/wp-content\/uploads\/2025\/06\/P35313970D6871254G_px_640_.jpg\" alt=\"photo la sculpture \u00ab\u00a0c\u0153ur de l\u2019\u00e9t\u00e9\u00a0\u00bb a \u00e9t\u00e9 install\u00e9e sur l\u2019esplanade c\u0153ur de maine. co  \u00a9  co\" width=\"640\" title=\" La sculpture \u00ab\u00a0C\u0153ur de l\u2019\u00e9t\u00e9\u00a0\u00bb a \u00e9t\u00e9 install\u00e9e sur l\u2019esplanade C\u0153ur de Maine. CO   CO \"\/><\/p>\n<p class=\"elmt-legende\"> La sculpture \u00ab\u00a0C\u0153ur de l\u2019\u00e9t\u00e9\u00a0\u00bb a \u00e9t\u00e9 install\u00e9e sur l\u2019esplanade C\u0153ur de Maine. CO   CO <\/p>\n<p>\u00a0<\/p>\n","protected":false},"excerpt":{"rendered":"Bleu d\u2019un c\u00f4t\u00e9, rouge de l\u2019autre. Pos\u00e9 sur un socle au sein de l\u2019esplanade C\u0153ur de Maine, avec&hellip;\n","protected":false},"author":2,"featured_media":209704,"comment_status":"","ping_status":"","sticky":false,"template":"","format":"standard","meta":{"footnotes":""},"categories":[1358],"tags":[1438,1348,1384,1385,1386,58,59,34880,1011,27,10771,29796,3899,5256],"class_list":{"0":"post-209703","1":"post","2":"type-post","3":"status-publish","4":"format-standard","5":"has-post-thumbnail","7":"category-arts-et-design","8":"tag-angers","9":"tag-arts","10":"tag-arts-and-design","11":"tag-arts-et-design","12":"tag-design","13":"tag-divertissement","14":"tag-entertainment","15":"tag-eriger","16":"tag-fr","17":"tag-france","18":"tag-haut","19":"tag-metres","20":"tag-sculpture","21":"tag-vient"},"share_on_mastodon":{"url":"https:\/\/pubeurope.com\/@fr\/114758308558826115","error":""},"_links":{"self":[{"href":"https:\/\/www.europesays.com\/fr\/wp-json\/wp\/v2\/posts\/209703","targetHints":{"allow":["GET"]}}],"collection":[{"href":"https:\/\/www.europesays.com\/fr\/wp-json\/wp\/v2\/posts"}],"about":[{"href":"https:\/\/www.europesays.com\/fr\/wp-json\/wp\/v2\/types\/post"}],"author":[{"embeddable":true,"href":"https:\/\/www.europesays.com\/fr\/wp-json\/wp\/v2\/users\/2"}],"replies":[{"embeddable":true,"href":"https:\/\/www.europesays.com\/fr\/wp-json\/wp\/v2\/comments?post=209703"}],"version-history":[{"count":0,"href":"https:\/\/www.europesays.com\/fr\/wp-json\/wp\/v2\/posts\/209703\/revisions"}],"wp:featuredmedia":[{"embeddable":true,"href":"https:\/\/www.europesays.com\/fr\/wp-json\/wp\/v2\/media\/209704"}],"wp:attachment":[{"href":"https:\/\/www.europesays.com\/fr\/wp-json\/wp\/v2\/media?parent=209703"}],"wp:term":[{"taxonomy":"category","embeddable":true,"href":"https:\/\/www.europesays.com\/fr\/wp-json\/wp\/v2\/categories?post=209703"},{"taxonomy":"post_tag","embeddable":true,"href":"https:\/\/www.europesays.com\/fr\/wp-json\/wp\/v2\/tags?post=209703"}],"curies":[{"name":"wp","href":"https:\/\/api.w.org\/{rel}","templated":true}]}}