{"id":209707,"date":"2025-06-28T01:07:09","date_gmt":"2025-06-28T01:07:09","guid":{"rendered":"https:\/\/www.europesays.com\/fr\/209707\/"},"modified":"2025-06-28T01:07:09","modified_gmt":"2025-06-28T01:07:09","slug":"anne-elisabeth-lemoine-vexee-par-une-remarque-de-nagui","status":"publish","type":"post","link":"https:\/\/www.europesays.com\/fr\/209707\/","title":{"rendered":"Anne-\u00c9lisabeth Lemoine vex\u00e9e par une remarque de Nagui"},"content":{"rendered":"<p>L\u2019animatrice de \u00abC \u00e0 vous\u00bb recevait ce vendredi 27 juin l\u2019homme de t\u00e9l\u00e9vision accompagn\u00e9 de Bruno Guillon \u00e0 l\u2019occasion du retour au petit \u00e9cran d\u2019\u00abIntervilles\u00bb.<\/p>\n<p class=\"fig-paragraph\">\u00abShanana.\u00bb Un g\u00e9n\u00e9rique qui r\u00e9sonne dans la t\u00eate de toute une g\u00e9n\u00e9ration. Apr\u00e8s seize ans d\u2019absence, \u00ab<a href=\"https:\/\/www.lefigaro.fr\/tag\/intervilles\" target=\"_blank\" rel=\"noopener nofollow\" data-gtm-custom-categorie=\"navigation\" data-gtm-custom-action=\"crossclick\" data-gtm-custom-label=\"Contextuel\" data-gtm-event=\"customEventSPE\">Intervilles<\/a>\u00bb revient sur France 2 d\u00e8s le 3 juillet prochain. Et si l\u2019\u00e9mission embl\u00e9matique est de retour, c\u2019est sous une toute nouvelle mouture. Exit les vachettes mais aussi l\u2019inoubliable g\u00e9n\u00e9rique. Faute d\u2019avoir obtenu les droits, la musique s\u2019est r\u00e9invent\u00e9e.<\/p>\n<p class=\"fig-paragraph\">Pourtant, l\u2019\u00e9quipe de \u00abC \u00e0 vous\u00bb ne l\u2019a pas entendu de cette oreille. Et c\u2019est le fameux \u00abshanana\u00bb qu\u2019ils ont lanc\u00e9 ce vendredi 27 juin lors de l\u2019entr\u00e9e en plateau de deux des pr\u00e9sentateurs du programme,\u00a0<a href=\"http:\/\/tvmag.lefigaro.fr\/programme-tv\/people\/de-quel-droit-parlez-vous-de-cette-histoire-nagui-fache-par-une-question-dans-telematin-20250620\" target=\"_blank\" data-fig-type=\"Article\" rel=\"noopener nofollow\" data-gtm-custom-categorie=\"navigation\" data-gtm-custom-action=\"crossclick\" data-gtm-custom-label=\"Contextuel\" data-gtm-event=\"customEventSPE\" data-fig-domain=\"TVMAG\">Nagui<\/a>\u00a0et Bruno Guillon. Les deux hommes animeront, accompagn\u00e9s de quatre autres personnalit\u00e9s (Val\u00e9rie B\u00e8gue, Camille Cerf, Yoann Riou et Magali Ripoll), la version 2025. Et si l\u2019animateur de Fun Radio s\u2019est laiss\u00e9 aller , Nagui a effectu\u00e9 un rappel \u00e0 l\u2019ordre.<\/p>\n<p class=\"fig-body-link\">\n            \u00c0 lire aussi<br \/>\n        <a class=\"fig-body-link__link fig-premium-mark\" href=\"http:\/\/tvmag.lefigaro.fr\/programme-tv\/actu-tele\/bruno-guillon-ma-mere-dit-que-je-suis-paye-a-raconter-des-betises-20250626\" target=\"_blank\" data-fig-type=\"Article\" rel=\"noopener nofollow\" data-gtm-custom-categorie=\"navigation\" data-gtm-custom-action=\"crossclick\" data-gtm-custom-label=\"Contextuel\" data-gtm-event=\"customEventSPE\" data-fig-domain=\"TVMAG\">Bruno Guillon\u00a0: \u00ab\u200aMa m\u00e8re dit que je suis pay\u00e9 \u00e0 raconter des b\u00eatises\u00a0\u00bb<br \/>\n    <\/a>\n<\/p>\n<p class=\"fig-paragraph\">\u00abCe n\u2019est pas la bonne musique\u00bb, a-t-il lanc\u00e9 \u00e0 deux reprises, levant son index \u00e0 la mani\u00e8re d\u2019un instituteur. \u00abOh la la\u00a0! Le rabat-joie\u00a0!\u00bb s\u2019est \u00e9cri\u00e9e Anne-Elisabeth Lemoine avec autod\u00e9rision, alors debout pour les accueillir. Piqu\u00e9 par ce choix \u00e9ditorial, Nagui a tenu \u00e0 souligner \u00e0 quel point ils avaient travaill\u00e9 sur le nouveau g\u00e9n\u00e9rique. Et apr\u00e8s \u00eatre revenu sur cette volont\u00e9 de l\u2019homme de t\u00e9l\u00e9vision de faire rena\u00eetre de ses cendres le programme, le sujet musical est revenu sur le tapis.<\/p>\n<p class=\"fig-paragraph\">\u00abBon, on n\u2019a pas mis le bon g\u00e9n\u00e9rique quand vous \u00eates entr\u00e9s\u00bb, a repris Babeth Lemoine en grimant grossi\u00e8rement le ton de l\u2019animateur. Une caricature qui n\u2019\u00e9tait pas tout \u00e0 fait au go\u00fbt de Nagui qui ne s\u2019est pas g\u00ean\u00e9 pour le partager. \u00abTr\u00e8s mauvaise imitation\u00bb, a-t-il lanc\u00e9 en prenant un air vex\u00e9 qui cachait en r\u00e9alit\u00e9 beaucoup d\u2019autod\u00e9rision. Pierre Lescure a repris la parole en lan\u00e7ant le \u00abvrai\u00bb g\u00e9n\u00e9rique compos\u00e9 par Dorian Lux, petit-fils du cr\u00e9ateur d\u2019\u00abIntervilles\u00bb, Guy Lux. \u00abLe duo Ofenbach \u00e9tait venu dans Taratata. En pr\u00e9parant l\u2019interview je vois ce lien ADN avec Guy Lux. J\u2019y avais fait une petite allusion parce que ce n\u2019\u00e9tait pas le propos dans Taratata. Mais je le rappelle au moment o\u00f9 \u201cIntervilles\u201d se d\u00e9cide et je lui demande si \u00e7a l\u2019int\u00e9resse. [&#8230;] Il \u00e9tait boulevers\u00e9.\u00a0\u00bb<\/p>\n","protected":false},"excerpt":{"rendered":"L\u2019animatrice de \u00abC \u00e0 vous\u00bb recevait ce vendredi 27 juin l\u2019homme de t\u00e9l\u00e9vision accompagn\u00e9 de Bruno Guillon \u00e0&hellip;\n","protected":false},"author":2,"featured_media":209708,"comment_status":"","ping_status":"","sticky":false,"template":"","format":"standard","meta":{"footnotes":""},"categories":[1356],"tags":[497,496,5631,499,58,59,1011,27,28148,500,10477,504,505,495,503,502,501,252,1364,498],"class_list":{"0":"post-209707","1":"post","2":"type-post","3":"status-publish","4":"format-standard","5":"has-post-thumbnail","7":"category-television","8":"tag-actu-tv","9":"tag-actualite-tv","10":"tag-anne-elisabeth-lemoine","11":"tag-buzz-tv","12":"tag-divertissement","13":"tag-entertainment","14":"tag-fr","15":"tag-france","16":"tag-intervilles","17":"tag-medias","18":"tag-nagui","19":"tag-news-tele","20":"tag-news-television","21":"tag-news-tv","22":"tag-programme-tele","23":"tag-programme-tv","24":"tag-quiz-tv","25":"tag-television","26":"tag-tv","27":"tag-tv-actu"},"share_on_mastodon":{"url":"https:\/\/pubeurope.com\/@fr\/114758316451148545","error":""},"_links":{"self":[{"href":"https:\/\/www.europesays.com\/fr\/wp-json\/wp\/v2\/posts\/209707","targetHints":{"allow":["GET"]}}],"collection":[{"href":"https:\/\/www.europesays.com\/fr\/wp-json\/wp\/v2\/posts"}],"about":[{"href":"https:\/\/www.europesays.com\/fr\/wp-json\/wp\/v2\/types\/post"}],"author":[{"embeddable":true,"href":"https:\/\/www.europesays.com\/fr\/wp-json\/wp\/v2\/users\/2"}],"replies":[{"embeddable":true,"href":"https:\/\/www.europesays.com\/fr\/wp-json\/wp\/v2\/comments?post=209707"}],"version-history":[{"count":0,"href":"https:\/\/www.europesays.com\/fr\/wp-json\/wp\/v2\/posts\/209707\/revisions"}],"wp:featuredmedia":[{"embeddable":true,"href":"https:\/\/www.europesays.com\/fr\/wp-json\/wp\/v2\/media\/209708"}],"wp:attachment":[{"href":"https:\/\/www.europesays.com\/fr\/wp-json\/wp\/v2\/media?parent=209707"}],"wp:term":[{"taxonomy":"category","embeddable":true,"href":"https:\/\/www.europesays.com\/fr\/wp-json\/wp\/v2\/categories?post=209707"},{"taxonomy":"post_tag","embeddable":true,"href":"https:\/\/www.europesays.com\/fr\/wp-json\/wp\/v2\/tags?post=209707"}],"curies":[{"name":"wp","href":"https:\/\/api.w.org\/{rel}","templated":true}]}}